{"id":2167,"date":"2020-10-11T19:37:12","date_gmt":"2020-10-11T19:37:12","guid":{"rendered":"https:\/\/tufiestamolamazo.com\/blog\/?p=2167"},"modified":"2020-11-16T19:51:28","modified_gmt":"2020-11-16T19:51:28","slug":"construyendo-un-nuevo-mercado-laboral","status":"publish","type":"post","link":"https:\/\/tufiestamolamazo.com\/blog\/construyendo-un-nuevo-mercado-laboral\/","title":{"rendered":"Construyendo un nuevo mercado laboral"},"content":{"rendered":"<h2 class=\"western\" style=\"text-align: center;\"><span style=\"color: #212121;\"><span style=\"font-family: Arial, serif;\"><span style=\"font-size: x-large;\">\u00bfEstamos listos para un nuevo brote de la pandemia?<\/span><\/span><\/span><\/h2>\n<p><img fetchpriority=\"high\" decoding=\"async\" class=\"aligncenter wp-image-2168\" src=\"https:\/\/tufiestamolamazo.com\/blog\/wp-content\/uploads\/2020\/11\/jobsora.jpg\" alt=\"\" width=\"659\" height=\"521\" srcset=\"https:\/\/tufiestamolamazo.com\/blog\/wp-content\/uploads\/2020\/11\/jobsora.jpg 889w, https:\/\/tufiestamolamazo.com\/blog\/wp-content\/uploads\/2020\/11\/jobsora-300x237.jpg 300w, https:\/\/tufiestamolamazo.com\/blog\/wp-content\/uploads\/2020\/11\/jobsora-768x607.jpg 768w, https:\/\/tufiestamolamazo.com\/blog\/wp-content\/uploads\/2020\/11\/jobsora-418x331.jpg 418w\" sizes=\"(max-width: 659px) 100vw, 659px\" \/><\/p>\n<p><span style=\"color: #212121;\"><span style=\"font-family: Arial, serif;\">15 de marzo de 2020, Espa\u00f1a declar\u00f3 una cuarentena para frenar la pandemia de Coronavirus. Si bien esta medida restrictiva tomada por el gobierno parece haber ayudado a controlar la propagaci\u00f3n del virus, tambi\u00e9n ha tenido efectos dr\u00e1sticos en la vida laboral de millones de personas, ya que muchos trabajadores han perdido sus trabajos. Y millones m\u00e1s se han colocado en planes de empleo a corto plazo.<\/span><\/span><\/p>\n<p><span style=\"color: #212121; font-family: Arial, serif;\">Casi todos los sectores del mercado laboral se han visto afectados por tal situaci\u00f3n. Algunas empresas se han visto obligadas a cerrar por completo, mientras que la mayor\u00eda de las empresas que todav\u00eda est\u00e1n en funcionamiento han registrado una ca\u00edda en los ingresos.<\/span><\/p>\n<p><span style=\"color: #212121;\"><span style=\"font-family: Arial, serif;\">Se prev\u00e9 que la econom\u00eda europea se contraiga alrededor de un 7%, y la tasa de desempleo aumentar\u00e1 del 6,7% en 2019 al 9% en 2020, seg\u00fan lo proyectado por el Pron\u00f3stico econ\u00f3mico de primavera de la Comisi\u00f3n Europea. Teniendo esto en cuenta, es importante saber c\u00f3mo se preparan las empresas europeas para la transformaci\u00f3n del mercado laboral.<\/span><\/span><\/p>\n<p><span style=\"color: #212121;\"><span style=\"font-family: Arial, serif;\">Esta publicaci\u00f3n busca abordar lo siguiente:<\/span><\/span><\/p>\n<ul>\n<li><span style=\"color: #212121; font-family: Arial, serif;\">\u00bfQu\u00e9 profesiones ser\u00e1n\u00a0de gran demanda?<\/span><\/li>\n<li><span style=\"color: #212121; font-family: Arial, serif;\">\u00bfQu\u00e9 profesiones est\u00e1n\u00a0en riesgo?<\/span><\/li>\n<li><span style=\"color: #212121;\"><span style=\"font-family: Arial, serif;\">\u00bfQu\u00e9 han hecho las empresas para que los empleados conserven sus puestos de trabajo?<\/span><\/span><\/li>\n<\/ul>\n<h2 class=\"western\"><span style=\"color: #212121; font-family: Arial, serif; font-size: x-large;\">\u00bfQu\u00e9\u00a0profesiones ser\u00e1n de gran demanda?<\/span><\/h2>\n<p><span style=\"color: #212121;\"><span style=\"font-family: Arial, serif;\">Muchas empresas y profesiones han sufrido grandes p\u00e9rdidas debido al bloqueo de COVID-19. Sin embargo, hay algunos que est\u00e1n prosperando actualmente, ya que han experimentado un aumento significativo en demanda.<\/span><\/span><\/p>\n<p><span style=\"color: #212121;\"><span style=\"font-family: Arial, serif;\">Las medidas restrictivas implementadas por el gobierno para detener la propagaci\u00f3n del virus han llevado a importantes cambios para las empresas, ya que la mayor\u00eda de las empresas est\u00e1n reajustando sus modelos de negocio y su entorno para adaptarse a la crisis del COVID-19.<\/span><\/span><\/p>\n<h2 class=\"western\"><span style=\"color: #212121;\"><span style=\"font-family: Arial, serif;\"><span style=\"font-size: x-large;\">Las profesiones con mayor demanda son:<\/span><\/span><\/span><\/h2>\n<ul>\n<li><span style=\"color: #212121;\"><span style=\"font-family: Arial, serif;\">Profesionales de la salud:<\/span><\/span><\/li>\n<\/ul>\n<p><span style=\"color: #212121;\"><span style=\"font-family: Arial, serif;\">Los especialistas en salud est\u00e1n experimentando un aumento en la demanda debido a la pandemia de COVID-19. La pandemia ha puesto de manifiesto la importancia de la buena salud y el papel fundamental que desempe\u00f1an los profesionales del sector sanitario en el tratamiento y la reducci\u00f3n de la propagaci\u00f3n del virus. Tambi\u00e9n hay una gran demanda de equipos y productos m\u00e9dicos, como mascarillas quir\u00fargicas y desinfectantes para manos.<\/span><\/span><\/p>\n<p><span style=\"color: #212121;\"><span style=\"font-family: Arial, serif;\">Los desequilibrios del personal sanitario son una preocupaci\u00f3n importante en la regi\u00f3n europea. Seg\u00fan las Indicaciones B\u00e1sicas de Salud de la Regi\u00f3n de Europa de la OMS, el n\u00famero de m\u00e9dicos y enfermeras en la regi\u00f3n ha aumentado aproximadamente un 10% en los \u00faltimos diez a\u00f1os. Sin embargo, es poco probable que este aumento sea suficiente para satisfacer las demandas de la poblaci\u00f3n. La demanda de enfermeras es a\u00fan mayor, ya que desempe\u00f1an un papel importante en el cuidado de las personas de la tercera edad.<\/span><\/span><\/p>\n<p><span style=\"color: #212121;\"><span style=\"font-family: Arial, serif;\">Conseguir el n\u00famero adecuado de trabajadores sanitarios es indispensable para que Europa pueda frenar la pandemia del coronavirus de forma eficaz.<\/span><\/span><\/p>\n<ul>\n<li><span style=\"color: #212121;\"><span style=\"font-family: Arial, serif;\">Repartidores<\/span><\/span><\/li>\n<\/ul>\n<p><span style=\"color: #212121; font-family: Arial, serif;\">A medida que las personas se adhieren a las pautas de distanciamiento social y se quedan en casa, se han abierto vacantes en este \u00e1rea. Existe una gran demanda de repartidores que puedan entregar comestibles y otros art\u00edculos esenciales, ya que los movimientos aun est\u00e1n restringidos para ciertas a\u00e9reas.<\/span><\/p>\n<p><span style=\"color: #212121;\"><span style=\"font-family: Arial, serif;\">Desde el bloqueo, la demanda de conductores de reparto en Europa se ha disparado, con un mayor n\u00famero de restaurantes que ofrecen servicio a domicilio. La mayor\u00eda de los restaurantes se han visto obligados a cerrar para cumplir con las pautas de distanciamiento social, y algunos han adoptado los servicios de entrega a domicilio como una forma de mantenerse durante la crisis.<\/span><\/span><\/p>\n<h2 class=\"western\"><span style=\"color: #212121;\"><span style=\"font-family: Arial, serif;\"><span style=\"font-size: x-large;\">Telecomunicaciones<\/span><\/span><\/span><\/h2>\n<p><span style=\"color: #212121;\"><span style=\"font-family: Arial, serif;\">Hoy m\u00e1s que nunca, muchas empresas est\u00e1n trabajando de forma remota para garantizar la seguridad de sus empleados frente a esta pandemia. Si bien algunos sectores de la econom\u00eda est\u00e1n colapsando, este sector est\u00e1 experimentando un m\u00e1ximo hist\u00f3rico porque la valoraci\u00f3n de las empresas de telecomunicaciones se ha disparado.<\/span><\/span><\/p>\n<h2 class=\"western\"><span style=\"color: #212121;\"><span style=\"font-family: Arial, serif;\"><span style=\"font-size: x-large;\">Freelancing<\/span><\/span><\/span><\/h2>\n<p><span style=\"color: #212121;\"><span style=\"font-family: Arial, serif;\">Los profesionales como desarrolladores web, redactores de contenido, especialistas en marketing, entre otros, tambi\u00e9n tienen una gran demanda. Como la mayor\u00eda de los trabajadores se han visto obligados a trabajar desde casa como resultado de las pautas de distanciamiento social, muchas empresas se han vuelto digitales, se han automatizado. Esto explica el aumento significativo de la demanda de profesionales que puedan realizar su trabajo de forma remota.<\/span><\/span><\/p>\n<h2 class=\"western\"><span style=\"color: #212121;\"><span style=\"font-family: Arial, serif;\"><span style=\"font-size: x-large;\">Ingeniero de software<\/span><\/span><\/span><\/h2>\n<p><span style=\"color: #212121;\"><span style=\"font-family: Arial, serif;\">Los ingenieros de software tambi\u00e9n ocupan un lugar destacado en la lista de profesionales en demanda, ya que las empresas de diversas industrias buscan mejorar su talento tecnol\u00f3gico. La mayor\u00eda de los ingenieros de software pueden trabajar desde casa. Como resultado, pueden seguir trabajando mientras se adhieren a la regla de quedarse en casa.<\/span><\/span><\/p>\n<h2 class=\"western\"><span style=\"color: #212121;\"><span style=\"font-family: Arial, serif;\"><span style=\"font-size: x-large;\">Analistas de datos<\/span><\/span><\/span><\/h2>\n<p><span style=\"color: #212121;\"><span style=\"font-family: Arial, serif;\">La mayor\u00eda de las empresas est\u00e1n contratando analistas de datos para que les ayuden a analizar los numerosos datos sobre la propagaci\u00f3n de COVID-19 y c\u00f3mo puede afectar a sus negocios. Esto coloca a esta profesi\u00f3n en la lista de trabajos con mayor demanda.<\/span><\/span><\/p>\n<h2 class=\"western\"><span style=\"color: #212121; font-family: Arial, serif; font-size: x-large;\">\u00bfQu\u00e9\u00a0profesiones est\u00e1n en riesgo?<\/span><\/h2>\n<p><span style=\"color: #212121;\"><span style=\"font-family: Arial, serif;\">No es ninguna novedad que las medidas restrictivas del COVID-19 est\u00e9n pasando factura a todos los sectores del mercado laboral europeo. Sin embargo, su impacto var\u00eda de un sector a otro. La mayor\u00eda de la fuerza laboral est\u00e1 empleada en sectores con una gran ca\u00edda en la demanda debido al bloqueo, lo que lleva a p\u00e9rdidas masivas de empleos en toda la regi\u00f3n.<\/span><\/span><\/p>\n<p><span style=\"color: #212121;\"><span style=\"font-family: Arial, serif;\">La agencia de estad\u00edsticas de la UE informa que unas 397.000 personas en la Uni\u00f3n Europea perdieron sus trabajos en abril. La tasa de desempleo de la Uni\u00f3n Europea aument\u00f3 de un m\u00ednimo de 12 a\u00f1os del 6,4% al 6,6% en abril.<\/span><\/span><\/p>\n<p><span style=\"color: #212121;\"><span style=\"font-family: Arial, serif;\">La Organizaci\u00f3n Internacional del Trabajo ha advertido que 1.600 millones de trabajadores de la econom\u00eda informal est\u00e1n en peligro inmediato de que se destruyan sus medios de vida.<\/span><\/span><\/p>\n<p><span style=\"color: #212121;\"><span style=\"font-family: Arial, serif;\">Para minimizar de manera efectiva el n\u00famero de puestos de trabajo perdidos debido a COVID 19, primero hay que entender qu\u00e9 puestos de trabajo presentan mayores riesgos; en otras palabras, aquellos que corren el riesgo de perder su trabajo. Quienes tienen el riesgo inmediato de perder puestos de trabajo son los j\u00f3venes profesionales que trabajan en los sectores m\u00e1s afectados por el cierre.<\/span><\/span><\/p>\n<p><span style=\"color: #212121;\"><span style=\"font-family: Arial, serif;\">Seg\u00fan una investigaci\u00f3n realizada por McKinsey &amp; Company, alrededor de 7,6 millones de puestos de trabajo est\u00e1n en riesgo, y las personas con los ingresos m\u00e1s bajos son las m\u00e1s vulnerables a la p\u00e9rdida del empleo. Los datos de la investigaci\u00f3n sugieren que casi el 50% de los trabajos en riesgo se encuentran en ocupaciones que ganan menos de \u00a3 10 por hora.<\/span><\/span><\/p>\n<p><span style=\"color: #212121;\"><span style=\"font-family: Arial, serif;\">Otro grupo de personas que tienen m\u00e1s probabilidades de perder su empleo son las personas de los sectores m\u00e1s afectados por las pautas de distanciamiento social. Estos sectores incluyen, entre otros, la hosteler\u00eda, el comercio minorista, la recreaci\u00f3n art\u00edstica, el transporte y la construcci\u00f3n.<\/span><\/span><\/p>\n<p><span style=\"color: #212121;\"><span style=\"font-family: Arial, serif;\">De lo anterior se desprende claramente que si no se toman medidas pol\u00edticas r\u00e1pidas, muchas personas corren el riesgo de perder sus trabajos debido al impacto de COVID-19 en el mercado laboral europeo.<\/span><\/span><\/p>\n<h2 class=\"western\"><span style=\"color: #212121;\"><span style=\"font-family: Arial, serif;\"><span style=\"font-size: x-large;\">\u00bfQu\u00e9 est\u00e1n haciendo las empresas para que los empleados conserven sus puestos de trabajo?<\/span><\/span><\/span><\/h2>\n<p><span style=\"color: #212121;\"><span style=\"font-family: Arial, serif;\">Si bien la regla de la permanencia en el hogar podr\u00eda haber ayudado en gran medida a combatir el COVID 19, sin duda ha tenido efectos dr\u00e1sticos en el bienestar de los empleados de varias empresas. Ha alterado la forma habitual de trabajo, y las empresas y empresarios tambi\u00e9n deben adaptarse y tomar medidas para retener a sus empleados durante este per\u00edodo.<\/span><\/span><\/p>\n<p><span style=\"color: #212121;\"><span style=\"font-family: Arial, serif;\">Aqu\u00ed hay cinco formas en que las empresas pueden ayudar a los empleados a mantener sus puestos de trabajo<\/span><\/span><\/p>\n<ul>\n<li><span style=\"color: #212121;\"><span style=\"font-family: Arial, serif;\">Capacitaci\u00f3n de empleados para trabajar de forma remota<\/span><\/span><\/li>\n<\/ul>\n<p><span style=\"color: #212121;\"><span style=\"font-family: Arial, serif;\">Los primeros en adoptar cualquier innovaci\u00f3n la mayor\u00eda de las veces la aprovechan al m\u00e1ximo. Dado que muchas empresas se est\u00e1n volviendo digitales, es importante capacitar a los empleados sobre el concepto de trabajo remoto. La organizaci\u00f3n de una formaci\u00f3n avanzada basada en Internet puede brindar a los empleados las habilidades que necesitan para prosperar en un entorno de trabajo remoto.<\/span><\/span><\/p>\n<ul>\n<li><span style=\"color: #212121;\"><span style=\"font-family: Arial, serif;\">Trabajo flexible<\/span><\/span><\/li>\n<\/ul>\n<p><span style=\"color: #212121;\"><span style=\"font-family: Arial, serif;\">M\u00e1s que nunca, el concepto de flexibilidad en el lugar de trabajo se ha vuelto muy importante. Trabajar desde casa afecta a los empleados de manera diferente. Los empleados tienen diferentes condiciones de vida y responsabilidades; Por tanto, no es recomendable generalizar el plan de flexibilidad laboral para los empleados.<\/span><\/span><\/p>\n<p><span style=\"color: #212121;\"><span style=\"font-family: Arial, serif;\">Es importante tener conversaciones con los empleados para saber cu\u00e1ndo y c\u00f3mo pueden trabajar mejor con un m\u00ednimo de distracciones.<\/span><\/span><\/p>\n<ul>\n<li><span style=\"color: #212121;\"><span style=\"font-family: Arial, serif;\">Mejorar las comunicaciones corporativas<\/span><\/span><\/li>\n<\/ul>\n<p><span style=\"color: #212121;\"><span style=\"font-family: Arial, serif;\">Es pertinente que los empleados cuenten con informaci\u00f3n veraz sobre las estrategias de la empresa y los diferentes cambios realizados por la empresa para adaptarse a la nueva realidad del trabajo en el per\u00edodo COVID 19. Muchos empleados tienen miedo de perder sus trabajos como resultado de la informaci\u00f3n que obtienen de diferentes fuentes. Corresponde al empleador asumir la responsabilidad de tranquilizarlos sobre su seguridad laboral y actualizarlos sobre las recientes estrategias de gesti\u00f3n de crisis adoptadas por la empresa para combatir los efectos de la pandemia en la empresa.<\/span><\/span><\/p>\n<ul>\n<li><span style=\"color: #212121;\"><span style=\"font-family: Arial, serif;\">Revise las pol\u00edticas de salud de la empresa<\/span><\/span><\/li>\n<\/ul>\n<p><span style=\"color: #212121;\"><span style=\"font-family: Arial, serif;\">Mientras se levantan las restricciones de encierro, cualquier empleado enfermo debe quedarse en casa para evitar poner en riesgo el bienestar de otros empleados. Sin embargo, se ha encontrado a la mayor\u00eda de los empleados trabajando en una oficina incluso cuando est\u00e1n enfermos. Por eso es importante contar con una pol\u00edtica de enfermedad m\u00e1s flexible que permita a los empleados admitir honestamente sus condiciones de salud sin temor a agotar sus limitados d\u00edas de enfermedad.<\/span><\/span><\/p>\n<ul>\n<li><span style=\"color: #212121;\"><span style=\"font-family: Arial, serif;\">Proporcionar un entorno de trabajo seguro<\/span><\/span><\/li>\n<\/ul>\n<p><span style=\"color: #212121;\"><span style=\"font-family: Arial, serif;\">Como empleador, debe asegurarse de que el lugar de trabajo sea seguro para que los empleados trabajen sin el riesgo de contraer el virus. Es recomendable practicar las pautas de distanciamiento social y, si el espacio de la oficina es limitado, es posible que desee considerar la posibilidad de realizar turnos para asegurarse de que el \u00e1rea de trabajo no est\u00e9 abarrotada en ning\u00fan momento.<\/span><\/span><\/p>\n<ul>\n<li><span style=\"color: #212121;\"><span style=\"font-family: Arial, serif;\">Tomando en serio el bienestar de los empleados<\/span><\/span><\/li>\n<\/ul>\n<p><span style=\"color: #212121;\"><span style=\"font-family: Arial, serif;\">Un empleado sano es un negocio sano. Los empleadores deben desarrollar estrategias que ayuden a la empresa a garantizar el bienestar de los empleados frente a esta crisis. Puede considerar la posibilidad de introducir la meditaci\u00f3n en el horario diario como una forma de ayudar a los empleados a lidiar con el estr\u00e9s y hacerlos m\u00e1s alertas y productivos.<\/span><\/span><\/p>\n<h2 class=\"western\"><span style=\"color: #212121;\"><span style=\"font-family: Arial, serif;\"><span style=\"font-size: x-large;\">Conclusi\u00f3n<\/span><\/span><\/span><\/h2>\n<p><span style=\"color: #212121;\"><span style=\"font-family: Arial, serif;\">La pandemia de COVID-19 ha tenido un impacto significativo en el mercado laboral europeo, con un aumento en el n\u00famero de empleos perdidos. Aquellos que corren un mayor riesgo de perder sus trabajos incluyen personas de bajos ingresos, j\u00f3venes profesionales que trabajan en sectores como la hosteler\u00eda, el comercio minorista, las artes y el entretenimiento. Teniendo esto en cuenta, las empresas deben adoptar medidas como la flexibilidad horaria, la mejora de la comunicaci\u00f3n y la provisi\u00f3n de un entorno de trabajo seguro para garantizar la seguridad de sus empleados.<\/span><\/span><\/p>\n<p><span style=\"color: #212121;\"><span style=\"font-family: Arial, serif;\">Derechos de autor y propiedad intelectual:\u00a0<\/span><\/span><a href=\"https:\/\/es.jobsora.com\/\" target=\"_blank\" rel=\"noopener noreferrer\"><span style=\"color: #783aab;\"><span style=\"font-family: Arial, serif;\">Jobsora<\/span><\/span><\/a><\/p>\n","protected":false},"excerpt":{"rendered":"<p>\u00bfEstamos listos para un nuevo brote de la pandemia? 15 de marzo de 2020, Espa\u00f1a declar\u00f3 una cuarentena para frenar la pandemia de Coronavirus. Si bien esta medida restrictiva tomada por el gobierno parece haber ayudado a controlar la propagaci\u00f3n del virus, tambi\u00e9n ha tenido efectos dr\u00e1sticos en la vida laboral de millones de personas, [&hellip;]<\/p>\n","protected":false},"author":1,"featured_media":2168,"comment_status":"open","ping_status":"open","sticky":false,"template":"","format":"standard","meta":{"_eb_attr":"","ocean_post_layout":"","ocean_both_sidebars_style":"","ocean_both_sidebars_content_width":0,"ocean_both_sidebars_sidebars_width":0,"ocean_sidebar":"","ocean_second_sidebar":"","ocean_disable_margins":"enable","ocean_add_body_class":"","ocean_shortcode_before_top_bar":"","ocean_shortcode_after_top_bar":"","ocean_shortcode_before_header":"","ocean_shortcode_after_header":"","ocean_has_shortcode":"","ocean_shortcode_after_title":"","ocean_shortcode_before_footer_widgets":"","ocean_shortcode_after_footer_widgets":"","ocean_shortcode_before_footer_bottom":"","ocean_shortcode_after_footer_bottom":"","ocean_display_top_bar":"default","ocean_display_header":"default","ocean_header_style":"","ocean_center_header_left_menu":"","ocean_custom_header_template":"","ocean_custom_logo":0,"ocean_custom_retina_logo":0,"ocean_custom_logo_max_width":0,"ocean_custom_logo_tablet_max_width":0,"ocean_custom_logo_mobile_max_width":0,"ocean_custom_logo_max_height":0,"ocean_custom_logo_tablet_max_height":0,"ocean_custom_logo_mobile_max_height":0,"ocean_header_custom_menu":"","ocean_menu_typo_font_family":"","ocean_menu_typo_font_subset":"","ocean_menu_typo_font_size":0,"ocean_menu_typo_font_size_tablet":0,"ocean_menu_typo_font_size_mobile":0,"ocean_menu_typo_font_size_unit":"px","ocean_menu_typo_font_weight":"","ocean_menu_typo_font_weight_tablet":"","ocean_menu_typo_font_weight_mobile":"","ocean_menu_typo_transform":"","ocean_menu_typo_transform_tablet":"","ocean_menu_typo_transform_mobile":"","ocean_menu_typo_line_height":0,"ocean_menu_typo_line_height_tablet":0,"ocean_menu_typo_line_height_mobile":0,"ocean_menu_typo_line_height_unit":"","ocean_menu_typo_spacing":0,"ocean_menu_typo_spacing_tablet":0,"ocean_menu_typo_spacing_mobile":0,"ocean_menu_typo_spacing_unit":"","ocean_menu_link_color":"","ocean_menu_link_color_hover":"","ocean_menu_link_color_active":"","ocean_menu_link_background":"","ocean_menu_link_hover_background":"","ocean_menu_link_active_background":"","ocean_menu_social_links_bg":"","ocean_menu_social_hover_links_bg":"","ocean_menu_social_links_color":"","ocean_menu_social_hover_links_color":"","ocean_disable_title":"default","ocean_disable_heading":"default","ocean_post_title":"","ocean_post_subheading":"","ocean_post_title_style":"","ocean_post_title_background_color":"","ocean_post_title_background":0,"ocean_post_title_bg_image_position":"","ocean_post_title_bg_image_attachment":"","ocean_post_title_bg_image_repeat":"","ocean_post_title_bg_image_size":"","ocean_post_title_height":0,"ocean_post_title_bg_overlay":0.5,"ocean_post_title_bg_overlay_color":"","ocean_disable_breadcrumbs":"default","ocean_breadcrumbs_color":"","ocean_breadcrumbs_separator_color":"","ocean_breadcrumbs_links_color":"","ocean_breadcrumbs_links_hover_color":"","ocean_display_footer_widgets":"default","ocean_display_footer_bottom":"default","ocean_custom_footer_template":"","ocean_post_oembed":"","ocean_post_self_hosted_media":"","ocean_post_video_embed":"","ocean_link_format":"","ocean_link_format_target":"self","ocean_quote_format":"","ocean_quote_format_link":"post","ocean_gallery_link_images":"on","ocean_gallery_id":[],"footnotes":""},"categories":[509],"tags":[646,644,647,645],"class_list":["post-2167","post","type-post","status-publish","format-standard","has-post-thumbnail","hentry","category-fiestas-y-eventos","tag-empleo","tag-intercambio","tag-jobsora","tag-trabajo","entry","has-media"],"yoast_head":"<!-- This site is optimized with the Yoast SEO plugin v19.7.2 - https:\/\/yoast.com\/wordpress\/plugins\/seo\/ -->\n<title>Construyendo un nuevo mercado laboral - Tu Fiesta Mola Mazo<\/title>\n<meta name=\"description\" content=\"La situaci\u00f3n del mercado laboral en Espa\u00f1a despu\u00e9s de Covid. Empleos con m\u00e1s salida profesional y consejos para buscar trabajo.\" \/>\n<meta name=\"robots\" content=\"index, follow, max-snippet:-1, max-image-preview:large, max-video-preview:-1\" \/>\n<link rel=\"canonical\" href=\"https:\/\/tufiestamolamazo.com\/blog\/construyendo-un-nuevo-mercado-laboral\/\" \/>\n<meta property=\"og:locale\" content=\"es_ES\" \/>\n<meta property=\"og:type\" content=\"article\" \/>\n<meta property=\"og:title\" content=\"Construyendo un nuevo mercado laboral - Tu Fiesta Mola Mazo\" \/>\n<meta property=\"og:description\" content=\"La situaci\u00f3n del mercado laboral en Espa\u00f1a despu\u00e9s de Covid. Empleos con m\u00e1s salida profesional y consejos para buscar trabajo.\" \/>\n<meta property=\"og:url\" content=\"https:\/\/tufiestamolamazo.com\/blog\/construyendo-un-nuevo-mercado-laboral\/\" \/>\n<meta property=\"og:site_name\" content=\"Tu Fiesta Mola Mazo\" \/>\n<meta property=\"article:publisher\" content=\"https:\/\/www.facebook.com\/tufiesta.molamazo\" \/>\n<meta property=\"article:published_time\" content=\"2020-10-11T19:37:12+00:00\" \/>\n<meta property=\"article:modified_time\" content=\"2020-11-16T19:51:28+00:00\" \/>\n<meta property=\"og:image\" content=\"https:\/\/tufiestamolamazo.com\/blog\/wp-content\/uploads\/2020\/11\/jobsora.jpg\" \/>\n\t<meta property=\"og:image:width\" content=\"889\" \/>\n\t<meta property=\"og:image:height\" content=\"703\" \/>\n\t<meta property=\"og:image:type\" content=\"image\/jpeg\" \/>\n<meta name=\"author\" content=\"tufiestamolamazo\" \/>\n<meta name=\"twitter:card\" content=\"summary_large_image\" \/>\n<meta name=\"twitter:creator\" content=\"@FiestaMolaMazo\" \/>\n<meta name=\"twitter:site\" content=\"@FiestaMolaMazo\" \/>\n<meta name=\"twitter:label1\" content=\"Escrito por\" \/>\n\t<meta name=\"twitter:data1\" content=\"tufiestamolamazo\" \/>\n\t<meta name=\"twitter:label2\" content=\"Tiempo de lectura\" \/>\n\t<meta name=\"twitter:data2\" content=\"10 minutos\" \/>\n<script type=\"application\/ld+json\" class=\"yoast-schema-graph\">{\"@context\":\"https:\/\/schema.org\",\"@graph\":[{\"@type\":\"Article\",\"@id\":\"https:\/\/tufiestamolamazo.com\/blog\/construyendo-un-nuevo-mercado-laboral\/#article\",\"isPartOf\":{\"@id\":\"https:\/\/tufiestamolamazo.com\/blog\/construyendo-un-nuevo-mercado-laboral\/\"},\"author\":{\"name\":\"tufiestamolamazo\",\"@id\":\"https:\/\/tufiestamolamazo.com\/blog\/#\/schema\/person\/c33cb8ff08eef766a9cdf8c794ac323c\"},\"headline\":\"Construyendo un nuevo mercado laboral\",\"datePublished\":\"2020-10-11T19:37:12+00:00\",\"dateModified\":\"2020-11-16T19:51:28+00:00\",\"mainEntityOfPage\":{\"@id\":\"https:\/\/tufiestamolamazo.com\/blog\/construyendo-un-nuevo-mercado-laboral\/\"},\"wordCount\":1918,\"commentCount\":0,\"publisher\":{\"@id\":\"https:\/\/tufiestamolamazo.com\/blog\/#organization\"},\"keywords\":[\"empleo\",\"intercambio\",\"jobsora\",\"trabajo\"],\"articleSection\":[\"Fiestas y eventos\"],\"inLanguage\":\"es\",\"potentialAction\":[{\"@type\":\"CommentAction\",\"name\":\"Comment\",\"target\":[\"https:\/\/tufiestamolamazo.com\/blog\/construyendo-un-nuevo-mercado-laboral\/#respond\"]}]},{\"@type\":\"WebPage\",\"@id\":\"https:\/\/tufiestamolamazo.com\/blog\/construyendo-un-nuevo-mercado-laboral\/\",\"url\":\"https:\/\/tufiestamolamazo.com\/blog\/construyendo-un-nuevo-mercado-laboral\/\",\"name\":\"Construyendo un nuevo mercado laboral - Tu Fiesta Mola Mazo\",\"isPartOf\":{\"@id\":\"https:\/\/tufiestamolamazo.com\/blog\/#website\"},\"datePublished\":\"2020-10-11T19:37:12+00:00\",\"dateModified\":\"2020-11-16T19:51:28+00:00\",\"description\":\"La situaci\u00f3n del mercado laboral en Espa\u00f1a despu\u00e9s de Covid. Empleos con m\u00e1s salida profesional y consejos para buscar trabajo.\",\"breadcrumb\":{\"@id\":\"https:\/\/tufiestamolamazo.com\/blog\/construyendo-un-nuevo-mercado-laboral\/#breadcrumb\"},\"inLanguage\":\"es\",\"potentialAction\":[{\"@type\":\"ReadAction\",\"target\":[\"https:\/\/tufiestamolamazo.com\/blog\/construyendo-un-nuevo-mercado-laboral\/\"]}]},{\"@type\":\"BreadcrumbList\",\"@id\":\"https:\/\/tufiestamolamazo.com\/blog\/construyendo-un-nuevo-mercado-laboral\/#breadcrumb\",\"itemListElement\":[{\"@type\":\"ListItem\",\"position\":1,\"name\":\"Portada\",\"item\":\"https:\/\/tufiestamolamazo.com\/blog\/\"},{\"@type\":\"ListItem\",\"position\":2,\"name\":\"Construyendo un nuevo mercado laboral\"}]},{\"@type\":\"WebSite\",\"@id\":\"https:\/\/tufiestamolamazo.com\/blog\/#website\",\"url\":\"https:\/\/tufiestamolamazo.com\/blog\/\",\"name\":\"Tu Fiesta Mola Mazo\",\"description\":\"\u00a1Custom\u00edzate tus fiestas!\",\"publisher\":{\"@id\":\"https:\/\/tufiestamolamazo.com\/blog\/#organization\"},\"potentialAction\":[{\"@type\":\"SearchAction\",\"target\":{\"@type\":\"EntryPoint\",\"urlTemplate\":\"https:\/\/tufiestamolamazo.com\/blog\/?s={search_term_string}\"},\"query-input\":\"required name=search_term_string\"}],\"inLanguage\":\"es\"},{\"@type\":\"Organization\",\"@id\":\"https:\/\/tufiestamolamazo.com\/blog\/#organization\",\"name\":\"Tu Fiesta Mola Mazo\",\"url\":\"https:\/\/tufiestamolamazo.com\/blog\/\",\"sameAs\":[\"https:\/\/www.instagram.com\/fiestamolamazo\/\",\"https:\/\/www.linkedin.com\/company\/tu-fiesta-mola-mazo\/\",\"https:\/\/www.pinterest.es\/FiestaMolaMazo\/\",\"https:\/\/www.facebook.com\/tufiesta.molamazo\",\"https:\/\/twitter.com\/FiestaMolaMazo\"],\"logo\":{\"@type\":\"ImageObject\",\"inLanguage\":\"es\",\"@id\":\"https:\/\/tufiestamolamazo.com\/blog\/#\/schema\/logo\/image\/\",\"url\":\"https:\/\/tufiestamolamazo.com\/blog\/wp-content\/uploads\/2019\/04\/tu-fiesta-mola-mazo-logo-1477646342.png\",\"contentUrl\":\"https:\/\/tufiestamolamazo.com\/blog\/wp-content\/uploads\/2019\/04\/tu-fiesta-mola-mazo-logo-1477646342.png\",\"width\":300,\"height\":117,\"caption\":\"Tu Fiesta Mola Mazo\"},\"image\":{\"@id\":\"https:\/\/tufiestamolamazo.com\/blog\/#\/schema\/logo\/image\/\"}},{\"@type\":\"Person\",\"@id\":\"https:\/\/tufiestamolamazo.com\/blog\/#\/schema\/person\/c33cb8ff08eef766a9cdf8c794ac323c\",\"name\":\"tufiestamolamazo\",\"image\":{\"@type\":\"ImageObject\",\"inLanguage\":\"es\",\"@id\":\"https:\/\/tufiestamolamazo.com\/blog\/#\/schema\/person\/image\/\",\"url\":\"https:\/\/secure.gravatar.com\/avatar\/ff0ac7aa77d11c42e79a03372c9074b8?s=96&d=mm&r=g\",\"contentUrl\":\"https:\/\/secure.gravatar.com\/avatar\/ff0ac7aa77d11c42e79a03372c9074b8?s=96&d=mm&r=g\",\"caption\":\"tufiestamolamazo\"}}]}<\/script>\n<!-- \/ Yoast SEO plugin. -->","yoast_head_json":{"title":"Construyendo un nuevo mercado laboral - Tu Fiesta Mola Mazo","description":"La situaci\u00f3n del mercado laboral en Espa\u00f1a despu\u00e9s de Covid. Empleos con m\u00e1s salida profesional y consejos para buscar trabajo.","robots":{"index":"index","follow":"follow","max-snippet":"max-snippet:-1","max-image-preview":"max-image-preview:large","max-video-preview":"max-video-preview:-1"},"canonical":"https:\/\/tufiestamolamazo.com\/blog\/construyendo-un-nuevo-mercado-laboral\/","og_locale":"es_ES","og_type":"article","og_title":"Construyendo un nuevo mercado laboral - Tu Fiesta Mola Mazo","og_description":"La situaci\u00f3n del mercado laboral en Espa\u00f1a despu\u00e9s de Covid. Empleos con m\u00e1s salida profesional y consejos para buscar trabajo.","og_url":"https:\/\/tufiestamolamazo.com\/blog\/construyendo-un-nuevo-mercado-laboral\/","og_site_name":"Tu Fiesta Mola Mazo","article_publisher":"https:\/\/www.facebook.com\/tufiesta.molamazo","article_published_time":"2020-10-11T19:37:12+00:00","article_modified_time":"2020-11-16T19:51:28+00:00","og_image":[{"width":889,"height":703,"url":"https:\/\/tufiestamolamazo.com\/blog\/wp-content\/uploads\/2020\/11\/jobsora.jpg","type":"image\/jpeg"}],"author":"tufiestamolamazo","twitter_card":"summary_large_image","twitter_creator":"@FiestaMolaMazo","twitter_site":"@FiestaMolaMazo","twitter_misc":{"Escrito por":"tufiestamolamazo","Tiempo de lectura":"10 minutos"},"schema":{"@context":"https:\/\/schema.org","@graph":[{"@type":"Article","@id":"https:\/\/tufiestamolamazo.com\/blog\/construyendo-un-nuevo-mercado-laboral\/#article","isPartOf":{"@id":"https:\/\/tufiestamolamazo.com\/blog\/construyendo-un-nuevo-mercado-laboral\/"},"author":{"name":"tufiestamolamazo","@id":"https:\/\/tufiestamolamazo.com\/blog\/#\/schema\/person\/c33cb8ff08eef766a9cdf8c794ac323c"},"headline":"Construyendo un nuevo mercado laboral","datePublished":"2020-10-11T19:37:12+00:00","dateModified":"2020-11-16T19:51:28+00:00","mainEntityOfPage":{"@id":"https:\/\/tufiestamolamazo.com\/blog\/construyendo-un-nuevo-mercado-laboral\/"},"wordCount":1918,"commentCount":0,"publisher":{"@id":"https:\/\/tufiestamolamazo.com\/blog\/#organization"},"keywords":["empleo","intercambio","jobsora","trabajo"],"articleSection":["Fiestas y eventos"],"inLanguage":"es","potentialAction":[{"@type":"CommentAction","name":"Comment","target":["https:\/\/tufiestamolamazo.com\/blog\/construyendo-un-nuevo-mercado-laboral\/#respond"]}]},{"@type":"WebPage","@id":"https:\/\/tufiestamolamazo.com\/blog\/construyendo-un-nuevo-mercado-laboral\/","url":"https:\/\/tufiestamolamazo.com\/blog\/construyendo-un-nuevo-mercado-laboral\/","name":"Construyendo un nuevo mercado laboral - Tu Fiesta Mola Mazo","isPartOf":{"@id":"https:\/\/tufiestamolamazo.com\/blog\/#website"},"datePublished":"2020-10-11T19:37:12+00:00","dateModified":"2020-11-16T19:51:28+00:00","description":"La situaci\u00f3n del mercado laboral en Espa\u00f1a despu\u00e9s de Covid. Empleos con m\u00e1s salida profesional y consejos para buscar trabajo.","breadcrumb":{"@id":"https:\/\/tufiestamolamazo.com\/blog\/construyendo-un-nuevo-mercado-laboral\/#breadcrumb"},"inLanguage":"es","potentialAction":[{"@type":"ReadAction","target":["https:\/\/tufiestamolamazo.com\/blog\/construyendo-un-nuevo-mercado-laboral\/"]}]},{"@type":"BreadcrumbList","@id":"https:\/\/tufiestamolamazo.com\/blog\/construyendo-un-nuevo-mercado-laboral\/#breadcrumb","itemListElement":[{"@type":"ListItem","position":1,"name":"Portada","item":"https:\/\/tufiestamolamazo.com\/blog\/"},{"@type":"ListItem","position":2,"name":"Construyendo un nuevo mercado laboral"}]},{"@type":"WebSite","@id":"https:\/\/tufiestamolamazo.com\/blog\/#website","url":"https:\/\/tufiestamolamazo.com\/blog\/","name":"Tu Fiesta Mola Mazo","description":"\u00a1Custom\u00edzate tus fiestas!","publisher":{"@id":"https:\/\/tufiestamolamazo.com\/blog\/#organization"},"potentialAction":[{"@type":"SearchAction","target":{"@type":"EntryPoint","urlTemplate":"https:\/\/tufiestamolamazo.com\/blog\/?s={search_term_string}"},"query-input":"required name=search_term_string"}],"inLanguage":"es"},{"@type":"Organization","@id":"https:\/\/tufiestamolamazo.com\/blog\/#organization","name":"Tu Fiesta Mola Mazo","url":"https:\/\/tufiestamolamazo.com\/blog\/","sameAs":["https:\/\/www.instagram.com\/fiestamolamazo\/","https:\/\/www.linkedin.com\/company\/tu-fiesta-mola-mazo\/","https:\/\/www.pinterest.es\/FiestaMolaMazo\/","https:\/\/www.facebook.com\/tufiesta.molamazo","https:\/\/twitter.com\/FiestaMolaMazo"],"logo":{"@type":"ImageObject","inLanguage":"es","@id":"https:\/\/tufiestamolamazo.com\/blog\/#\/schema\/logo\/image\/","url":"https:\/\/tufiestamolamazo.com\/blog\/wp-content\/uploads\/2019\/04\/tu-fiesta-mola-mazo-logo-1477646342.png","contentUrl":"https:\/\/tufiestamolamazo.com\/blog\/wp-content\/uploads\/2019\/04\/tu-fiesta-mola-mazo-logo-1477646342.png","width":300,"height":117,"caption":"Tu Fiesta Mola Mazo"},"image":{"@id":"https:\/\/tufiestamolamazo.com\/blog\/#\/schema\/logo\/image\/"}},{"@type":"Person","@id":"https:\/\/tufiestamolamazo.com\/blog\/#\/schema\/person\/c33cb8ff08eef766a9cdf8c794ac323c","name":"tufiestamolamazo","image":{"@type":"ImageObject","inLanguage":"es","@id":"https:\/\/tufiestamolamazo.com\/blog\/#\/schema\/person\/image\/","url":"https:\/\/secure.gravatar.com\/avatar\/ff0ac7aa77d11c42e79a03372c9074b8?s=96&d=mm&r=g","contentUrl":"https:\/\/secure.gravatar.com\/avatar\/ff0ac7aa77d11c42e79a03372c9074b8?s=96&d=mm&r=g","caption":"tufiestamolamazo"}}]}},"_links":{"self":[{"href":"https:\/\/tufiestamolamazo.com\/blog\/wp-json\/wp\/v2\/posts\/2167"}],"collection":[{"href":"https:\/\/tufiestamolamazo.com\/blog\/wp-json\/wp\/v2\/posts"}],"about":[{"href":"https:\/\/tufiestamolamazo.com\/blog\/wp-json\/wp\/v2\/types\/post"}],"author":[{"embeddable":true,"href":"https:\/\/tufiestamolamazo.com\/blog\/wp-json\/wp\/v2\/users\/1"}],"replies":[{"embeddable":true,"href":"https:\/\/tufiestamolamazo.com\/blog\/wp-json\/wp\/v2\/comments?post=2167"}],"version-history":[{"count":1,"href":"https:\/\/tufiestamolamazo.com\/blog\/wp-json\/wp\/v2\/posts\/2167\/revisions"}],"predecessor-version":[{"id":2169,"href":"https:\/\/tufiestamolamazo.com\/blog\/wp-json\/wp\/v2\/posts\/2167\/revisions\/2169"}],"wp:featuredmedia":[{"embeddable":true,"href":"https:\/\/tufiestamolamazo.com\/blog\/wp-json\/wp\/v2\/media\/2168"}],"wp:attachment":[{"href":"https:\/\/tufiestamolamazo.com\/blog\/wp-json\/wp\/v2\/media?parent=2167"}],"wp:term":[{"taxonomy":"category","embeddable":true,"href":"https:\/\/tufiestamolamazo.com\/blog\/wp-json\/wp\/v2\/categories?post=2167"},{"taxonomy":"post_tag","embeddable":true,"href":"https:\/\/tufiestamolamazo.com\/blog\/wp-json\/wp\/v2\/tags?post=2167"}],"curies":[{"name":"wp","href":"https:\/\/api.w.org\/{rel}","templated":true}]}}