{"id":1933,"date":"2025-01-22T18:17:14","date_gmt":"2025-01-22T17:17:14","guid":{"rendered":"https:\/\/tufiestamolamazo.com\/blog\/?p=1933"},"modified":"2025-03-06T16:56:50","modified_gmt":"2025-03-06T15:56:50","slug":"como-organizar-un-evento-empresarial","status":"publish","type":"post","link":"https:\/\/tufiestamolamazo.com\/blog\/como-organizar-un-evento-empresarial\/","title":{"rendered":"C\u00f3mo organizar un evento empresarial"},"content":{"rendered":"\r\n<p>Los eventos empresariales son estrategias que han cobrado fuerza en el \u00e1mbito corporativo. Ya que, <strong>constituyen oportunidades para lograr diferentes objetivos en tu empresa<\/strong>. Todo depender\u00e1 del motivo de dicho acontecimiento.<\/p>\r\n\r\n\r\n\r\n<p>Por ello, en este post te diremos <strong>c\u00f3mo organizar un evento empresarial<\/strong> acorde con las metas del mismo, adem\u00e1s te daremos a conocer los diferentes factores que hay que tener en cuenta para que el evento sea todo un \u00e9xito.\u00a0<\/p>\r\n\r\n\r\n\r\n<p>Existen diferentes motivos por los cuales decidas organizar un evento empresarial, por ello, como primer paso debes tener claro el o los objetivos de dicho evento. Adem\u00e1s, corresponde seguir una serie de pasos que lograr\u00e1n el \u00e9xito del acontecimiento. Para ello, te brindamos las etapas de <strong>c\u00f3mo organizar un evento empresarial<\/strong>.<\/p>\r\n\r\n\r\n\r\n<div class=\"wp-block-image\">\r\n<figure class=\"aligncenter size-large\"><img fetchpriority=\"high\" decoding=\"async\" width=\"700\" height=\"466\" class=\"wp-image-1935\" src=\"https:\/\/tufiestamolamazo.com\/blog\/wp-content\/uploads\/2020\/04\/Foto-1.jpg\" alt=\"eventos en oficinas\" srcset=\"https:\/\/tufiestamolamazo.com\/blog\/wp-content\/uploads\/2020\/04\/Foto-1.jpg 700w, https:\/\/tufiestamolamazo.com\/blog\/wp-content\/uploads\/2020\/04\/Foto-1-300x200.jpg 300w, https:\/\/tufiestamolamazo.com\/blog\/wp-content\/uploads\/2020\/04\/Foto-1-418x278.jpg 418w\" sizes=\"(max-width: 700px) 100vw, 700px\" \/><\/figure>\r\n<\/div>\r\n\r\n\r\n\r\n<h2 class=\"wp-block-heading\">Definir el objetivo del evento empresarial<\/h2>\r\n\r\n\r\n\r\n<p>Antes de hacer cualquier tipo de planificaci\u00f3n o marcha <strong>debes definir con mucha claridad el objetivo del evento empresarial<\/strong>. Esta definici\u00f3n es el primer paso, ya que, de all\u00ed nacer\u00e1n las directrices de los pasos sucesivos.<\/p>\r\n\r\n\r\n\r\n<p>Hay diversidad de situaciones o razones por las que sientas motivaci\u00f3n a organizar un evento empresarial. Esta motivaci\u00f3n tambi\u00e9n ser\u00e1 el punto de partida para que puedas <strong>definir el formato<\/strong>. Por ello, debes tener claridad de <strong>c\u00f3mo organizar un evento empresarial<\/strong> acorde al contexto. Entre los objetivos de un evento para tu empresa pueden estar.<\/p>\r\n\r\n\r\n\r\n<ul class=\"wp-block-list\">\r\n<li>Promoci\u00f3n de un nuevo producto o servicio.<\/li>\r\n<li>Establecimiento o consolidaci\u00f3n de tu marca.<\/li>\r\n<li>Contactar con posibles inversores o socios.<\/li>\r\n<li>Captar nueva clientela o consolidar la ya establecida.<\/li>\r\n<li>Intercambio entre empleados de diferentes sucursales.<\/li>\r\n<li>Consolidaci\u00f3n de lazos de uni\u00f3n entre los trabajadores de la empresa.<\/li>\r\n<li>Celebraci\u00f3n de un nuevo contrato o \u00e9xito alcanzado por la empresa.<\/li>\r\n<li>Entre otros m\u00e1s.<\/li>\r\n<\/ul>\r\n\r\n\r\n\r\n<p>Estos son solo algunos de los motivos para la realizaci\u00f3n de un evento empresarial. Esto ayudar\u00e1 tambi\u00e9n a determinar hacia qui\u00e9n o qu\u00e9 tipo de personas ser\u00e1 dirigido el acontecimiento.<\/p>\r\n\r\n\r\n\r\n<div class=\"wp-block-image\">\r\n<figure class=\"aligncenter size-large\"><img decoding=\"async\" width=\"700\" height=\"466\" class=\"wp-image-1936\" src=\"https:\/\/tufiestamolamazo.com\/blog\/wp-content\/uploads\/2020\/04\/Foto-2.jpg\" alt=\"planificaci\u00f3n de eventos\" srcset=\"https:\/\/tufiestamolamazo.com\/blog\/wp-content\/uploads\/2020\/04\/Foto-2.jpg 700w, https:\/\/tufiestamolamazo.com\/blog\/wp-content\/uploads\/2020\/04\/Foto-2-300x200.jpg 300w, https:\/\/tufiestamolamazo.com\/blog\/wp-content\/uploads\/2020\/04\/Foto-2-418x278.jpg 418w\" sizes=\"(max-width: 700px) 100vw, 700px\" \/><\/figure>\r\n<\/div>\r\n\r\n\r\n\r\n<h2 class=\"wp-block-heading\">Planificaci\u00f3n del evento empresarial<\/h2>\r\n\r\n\r\n\r\n<p>Lo primero que debes hacer es <strong>definir el lugar, fecha y hora del evento<\/strong>, ya que, de esto depender\u00e1n otras medidas a tomar m\u00e1s adelante. Seguidamente, se determinar\u00e1n todas las tareas que se realizar\u00e1n con sus respectivos responsables y tiempos de ejecuci\u00f3n.<\/p>\r\n\r\n\r\n\r\n<p>La planificaci\u00f3n debe realizarse teniendo claro <strong>c\u00f3mo organizar un evento empresarial<\/strong>, puesto que, jam\u00e1s debe tomarse a la ligera. La planificaci\u00f3n es un paso que requiere de mucha dedicaci\u00f3n y <strong>debes tener en cuenta hasta los m\u00ednimos detalles<\/strong>.<\/p>\r\n\r\n\r\n\r\n<p>Aqu\u00ed tambi\u00e9n deber\u00e1s concretar el <strong>cronograma,<\/strong> <strong>insumos y log\u00edstica en general que vas a necesitar<\/strong> para el evento, ya sea adquiridos por la organizaci\u00f3n de manera directa o si vas a contratar alguna otra especializada en eventos.<\/p>\r\n\r\n\r\n\r\n<p>Cabe destacar, que, al momento de la planificaci\u00f3n se debe hacer en conjunto, donde debes involucrar a todo el equipo que trabajar\u00e1 en el acontecimiento. Una vez concretado todo, es recomendable que lo planificado quede en un sitio palpable, esto para que sea visualizado por todos los involucrado en la organizaci\u00f3n a cualquier hora que sea requerido.<\/p>\r\n\r\n\r\n\r\n<h3 class=\"wp-block-heading\">La contrataci\u00f3n de azafatas para eventos<\/h3>\r\n\r\n\r\n\r\n<p>La contrataci\u00f3n de este tipo de apoyo resulta muy beneficioso, ya que, son profesionales que conocen claramente <strong>c\u00f3mo organizar un evento empresarial<\/strong>, adem\u00e1s apoyar\u00e1n en la atenci\u00f3n y desarrollo durante cronograma establecido. Por otra parte la contrataci\u00f3n de <strong>Azafatas<\/strong><strong> para eventos<\/strong> afianzar\u00e1 la imagen de tu marca o producto.<\/p>\r\n\r\n\r\n\r\n<h2 class=\"wp-block-heading\">Definir el presupuesto del evento empresarial<\/h2>\r\n\r\n\r\n\r\n<p>Esta fase puede verse desde dos perspectivas, ya que, hay dos posibilidades. La primera, es contar con un presupuesto previo establecido al cual hay que amoldarse. La segunda, es elaborar un presupuesto posterior a la planificaci\u00f3n general, donde ya se tienen definidos los recursos que se van a necesitar.<\/p>\r\n\r\n\r\n\r\n<p>Pero, en t\u00e9rminos generales hay que elaborar un presupuesto acorde a las posibilidades empresariales y que tribute a que se cumplan los objetivos del <strong>evento empresarial<\/strong>. Por otro lado, si est\u00e1s ubicado <strong>c\u00f3mo organizar un evento empresarial<\/strong> nunca puedes visualizar los recursos como un gasto, sino como una inversi\u00f3n. Adem\u00e1s, no debes realizar un presupuesto sobre estimado, ya que all\u00ed s\u00ed incurrir\u00edas en gastos innecesarios, pero s\u00ed debes contar con una reserva extra para imprevistos.<\/p>\r\n\r\n\r\n\r\n<div class=\"wp-block-image\">\r\n<figure class=\"aligncenter size-large\"><img decoding=\"async\" width=\"700\" height=\"525\" class=\"wp-image-1937\" src=\"https:\/\/tufiestamolamazo.com\/blog\/wp-content\/uploads\/2020\/04\/Foto-3.jpg\" alt=\"eventos de hosteler\u00eda\" srcset=\"https:\/\/tufiestamolamazo.com\/blog\/wp-content\/uploads\/2020\/04\/Foto-3.jpg 700w, https:\/\/tufiestamolamazo.com\/blog\/wp-content\/uploads\/2020\/04\/Foto-3-300x225.jpg 300w, https:\/\/tufiestamolamazo.com\/blog\/wp-content\/uploads\/2020\/04\/Foto-3-418x314.jpg 418w, https:\/\/tufiestamolamazo.com\/blog\/wp-content\/uploads\/2020\/04\/Foto-3-301x226.jpg 301w\" sizes=\"(max-width: 700px) 100vw, 700px\" \/><\/figure>\r\n<\/div>\r\n\r\n\r\n\r\n<h2 class=\"wp-block-heading\">Difusi\u00f3n del evento empresarial<\/h2>\r\n\r\n\r\n\r\n<p>Uno de los elementos vitales de <strong>c\u00f3mo organizar un evento empresarial<\/strong> exitoso es la difusi\u00f3n efectiva del mismo. Puesto que, debes garantizar por todos los medios disponibles la asistencia de las personas a quienes est\u00e1 dirigido el evento empresarial.<\/p>\r\n\r\n\r\n\r\n<p>Para una publicidad efectiva, los expertos de <strong>c\u00f3mo organizar un evento empresarial<\/strong> recomiendan valerse de la tecnolog\u00eda, ya que, <strong>Internet <\/strong>ofrece herramientas como <strong>las Redes Sociales<\/strong> que se han convertido en tendencia en la actualidad. Indiferentemente de cual sea tu p\u00fablico objetivo, el valerte de las redes sociales es la manera m\u00e1s efectiva de comunicaci\u00f3n entre la empresa y el p\u00fablico en general. De igual manera, estos medios son valederos en el caso de que los invitados sean exclusivos, puesto que hoy en d\u00eda, todos poseen una cuenta en Facebook, Instagram, Twitter, entre otros.<\/p>\r\n\r\n\r\n\r\n<h2 class=\"wp-block-heading\">Ejecuci\u00f3n del evento empresarial<\/h2>\r\n\r\n\r\n\r\n<p>Es la fase donde se pondr\u00e1 en marcha todo lo previamente planificado. <strong>Debes ser bastante estricto y vigilante que se cumpla el cronograma lo m\u00e1s preciso posible<\/strong>, ya que, de no ser as\u00ed, ser\u00eda palpable una improvisaci\u00f3n y se dejar\u00eda una imagen de empresa con falta de organizaci\u00f3n, indisciplina y desconocimiento de <strong>c\u00f3mo organizar un evento empresarial<\/strong>.<\/p>\r\n\r\n\r\n\r\n<p>Como en todo evento <strong>suelen presentarse inconvenientes de \u00faltimo momento<\/strong>, para ello, es necesario que tengas <strong>planes de contingencia<\/strong> que puedan subsanar dichos contratiempos de la manera m\u00e1s discreta posible. Evitando de esta forma, la sensaci\u00f3n de un evento improvisado por parte de los asistentes.<\/p>\r\n\r\n\r\n\r\n<h2 class=\"wp-block-heading\">Siempre debes dar alg\u00fan obsequio<\/h2>\r\n\r\n\r\n\r\n<p>Este es un elemento realmente importante, ya que cumple m\u00faltiples objetivos. Un regalo empresarial dado en un evento har\u00e1 sentir a los asistentes muy agradados, este tipo de detalles son altamente valorados, ya que a todos les gustan los regalos.<\/p>\r\n\r\n\r\n\r\n<p>Los regalos empresariales pueden cumplir m\u00faltiples funciones, ya que adem\u00e1s de surtir como cortes\u00eda para los asistentes del evento, contribuyen como factor publicitario para tu empresa. Por lo general los regalos publicitarios son obsequios de uso diario tales como.<\/p>\r\n\r\n\r\n\r\n<ul class=\"wp-block-list\">\r\n<li>Bol\u00edgrafos<\/li>\r\n<li>Memorias USB<\/li>\r\n<li>Encendedores<\/li>\r\n<li>Art\u00edculos deportivos<\/li>\r\n<li>Pisapapeles<\/li>\r\n<li>Entre otros m\u00e1s<\/li>\r\n<\/ul>\r\n\r\n\r\n\r\n<p>Estos objetos deben ser estampados de manera personalizada con el logo, colores, eslogan, entre otros elementos que afiancen tu marca o producto. Ya que, ser\u00e1n visualizados e incluso usados por otras personas adicionales a las asistentes al evento empresarial, sirviendo as\u00ed como elemento publicitario. Estos obsequios son considerados indispensables por los expertos que saben <strong>c\u00f3mo organizar un evento empresarial<\/strong> de manera exitosa.<\/p>\r\n\r\n\r\n\r\n\r\n\r\n<h2 class=\"wp-block-heading\">Evaluaci\u00f3n del evento empresarial<\/h2>\r\n\r\n\r\n\r\n<p>En esta fase deber\u00e1s determinar si se lograron o no los objetivos del evento empresarial. Adicionalmente, debes evaluar conjuntamente con el equipo organizador si se cumpli\u00f3 o no con toda la parte log\u00edstica y el cronograma establecido. Esto determinar\u00e1 donde se presentaron debilidades para tomar las medidas necesarias y que no se repitan en futuros eventos.<\/p>\r\n\r\n\r\n\r\n<p>Una de las formas de determinar el impacto que caus\u00f3 el evento es monitorear la reacci\u00f3n de los asistentes en las diferentes redes sociales. Adem\u00e1s, de verificar si se alcanzaron las metas planteadas, tales como, aumento de inversionistas, nuevos clientes, esp\u00edritu colaborativo entre trabajadores de la empresa, entre otros.<\/p>\r\n\r\n\r\n\r\n<p>Si necesitas asesor\u00eda con respecto a <strong>c\u00f3mo organizar un evento empresarial<\/strong> y otros temas, en Tu Fiesta Mola Mazo te la podemos brindar, adem\u00e1s tenemos todo tipo de productos para eventos y fiestas, <a href=\"https:\/\/www.tufiestamolamazo.com\/contactenos\" target=\"_blank\" rel=\"noreferrer noopener\" aria-label=\" (se abre en una nueva pesta\u00f1a)\">contacta con nosotros<\/a> y te atenderemos de inmediato.<\/p>\r\n","protected":false},"excerpt":{"rendered":"<p>Los eventos empresariales son estrategias que han cobrado fuerza en el \u00e1mbito corporativo. Ya que, constituyen oportunidades para lograr diferentes objetivos en tu empresa. Todo depender\u00e1 del motivo de dicho acontecimiento. Por ello, en este post te diremos c\u00f3mo organizar un evento empresarial acorde con las metas del mismo, adem\u00e1s te daremos a conocer los [&hellip;]<\/p>\n","protected":false},"author":1,"featured_media":1938,"comment_status":"open","ping_status":"open","sticky":false,"template":"","format":"standard","meta":{"_eb_attr":"","ocean_post_layout":"","ocean_both_sidebars_style":"","ocean_both_sidebars_content_width":0,"ocean_both_sidebars_sidebars_width":0,"ocean_sidebar":"0","ocean_second_sidebar":"0","ocean_disable_margins":"enable","ocean_add_body_class":"","ocean_shortcode_before_top_bar":"","ocean_shortcode_after_top_bar":"","ocean_shortcode_before_header":"","ocean_shortcode_after_header":"","ocean_has_shortcode":"","ocean_shortcode_after_title":"","ocean_shortcode_before_footer_widgets":"","ocean_shortcode_after_footer_widgets":"","ocean_shortcode_before_footer_bottom":"","ocean_shortcode_after_footer_bottom":"","ocean_display_top_bar":"default","ocean_display_header":"default","ocean_header_style":"","ocean_center_header_left_menu":"0","ocean_custom_header_template":"0","ocean_custom_logo":0,"ocean_custom_retina_logo":0,"ocean_custom_logo_max_width":0,"ocean_custom_logo_tablet_max_width":0,"ocean_custom_logo_mobile_max_width":0,"ocean_custom_logo_max_height":0,"ocean_custom_logo_tablet_max_height":0,"ocean_custom_logo_mobile_max_height":0,"ocean_header_custom_menu":"0","ocean_menu_typo_font_family":"0","ocean_menu_typo_font_subset":"","ocean_menu_typo_font_size":0,"ocean_menu_typo_font_size_tablet":0,"ocean_menu_typo_font_size_mobile":0,"ocean_menu_typo_font_size_unit":"px","ocean_menu_typo_font_weight":"","ocean_menu_typo_font_weight_tablet":"","ocean_menu_typo_font_weight_mobile":"","ocean_menu_typo_transform":"","ocean_menu_typo_transform_tablet":"","ocean_menu_typo_transform_mobile":"","ocean_menu_typo_line_height":0,"ocean_menu_typo_line_height_tablet":0,"ocean_menu_typo_line_height_mobile":0,"ocean_menu_typo_line_height_unit":"","ocean_menu_typo_spacing":0,"ocean_menu_typo_spacing_tablet":0,"ocean_menu_typo_spacing_mobile":0,"ocean_menu_typo_spacing_unit":"","ocean_menu_link_color":"","ocean_menu_link_color_hover":"","ocean_menu_link_color_active":"","ocean_menu_link_background":"","ocean_menu_link_hover_background":"","ocean_menu_link_active_background":"","ocean_menu_social_links_bg":"","ocean_menu_social_hover_links_bg":"","ocean_menu_social_links_color":"","ocean_menu_social_hover_links_color":"","ocean_disable_title":"default","ocean_disable_heading":"default","ocean_post_title":"","ocean_post_subheading":"","ocean_post_title_style":"","ocean_post_title_background_color":"","ocean_post_title_background":0,"ocean_post_title_bg_image_position":"","ocean_post_title_bg_image_attachment":"","ocean_post_title_bg_image_repeat":"","ocean_post_title_bg_image_size":"","ocean_post_title_height":0,"ocean_post_title_bg_overlay":0.5,"ocean_post_title_bg_overlay_color":"","ocean_disable_breadcrumbs":"default","ocean_breadcrumbs_color":"","ocean_breadcrumbs_separator_color":"","ocean_breadcrumbs_links_color":"","ocean_breadcrumbs_links_hover_color":"","ocean_display_footer_widgets":"default","ocean_display_footer_bottom":"default","ocean_custom_footer_template":"0","ocean_post_oembed":"","ocean_post_self_hosted_media":"","ocean_post_video_embed":"","ocean_link_format":"","ocean_link_format_target":"self","ocean_quote_format":"","ocean_quote_format_link":"post","ocean_gallery_link_images":"on","ocean_gallery_id":[],"footnotes":""},"categories":[509],"tags":[],"class_list":["post-1933","post","type-post","status-publish","format-standard","has-post-thumbnail","hentry","category-fiestas-y-eventos","entry","has-media"],"yoast_head":"<!-- This site is optimized with the Yoast SEO plugin v19.7.2 - https:\/\/yoast.com\/wordpress\/plugins\/seo\/ -->\n<title>C\u00f3mo organizar un evento empresarial - Tu Fiesta Mola Mazo<\/title>\n<meta name=\"description\" content=\"Planificaci\u00f3n de eventos empresariales en Esoa\u00f1a.\" \/>\n<meta name=\"robots\" content=\"index, follow, max-snippet:-1, max-image-preview:large, max-video-preview:-1\" \/>\n<link rel=\"canonical\" href=\"https:\/\/tufiestamolamazo.com\/blog\/como-organizar-un-evento-empresarial\/\" \/>\n<meta property=\"og:locale\" content=\"es_ES\" \/>\n<meta property=\"og:type\" content=\"article\" \/>\n<meta property=\"og:title\" content=\"C\u00f3mo organizar un evento empresarial - Tu Fiesta Mola Mazo\" \/>\n<meta property=\"og:description\" content=\"Planificaci\u00f3n de eventos empresariales en Esoa\u00f1a.\" \/>\n<meta property=\"og:url\" content=\"https:\/\/tufiestamolamazo.com\/blog\/como-organizar-un-evento-empresarial\/\" \/>\n<meta property=\"og:site_name\" content=\"Tu Fiesta Mola Mazo\" \/>\n<meta property=\"article:publisher\" content=\"https:\/\/www.facebook.com\/tufiesta.molamazo\" \/>\n<meta property=\"article:published_time\" content=\"2025-01-22T17:17:14+00:00\" \/>\n<meta property=\"article:modified_time\" content=\"2025-03-06T15:56:50+00:00\" \/>\n<meta property=\"og:image\" content=\"https:\/\/tufiestamolamazo.com\/blog\/wp-content\/uploads\/2020\/04\/portada.jpg\" \/>\n\t<meta property=\"og:image:width\" content=\"700\" \/>\n\t<meta property=\"og:image:height\" content=\"466\" \/>\n\t<meta property=\"og:image:type\" content=\"image\/jpeg\" \/>\n<meta name=\"author\" content=\"tufiestamolamazo\" \/>\n<meta name=\"twitter:card\" content=\"summary_large_image\" \/>\n<meta name=\"twitter:creator\" content=\"@FiestaMolaMazo\" \/>\n<meta name=\"twitter:site\" content=\"@FiestaMolaMazo\" \/>\n<meta name=\"twitter:label1\" content=\"Escrito por\" \/>\n\t<meta name=\"twitter:data1\" content=\"tufiestamolamazo\" \/>\n\t<meta name=\"twitter:label2\" content=\"Tiempo de lectura\" \/>\n\t<meta name=\"twitter:data2\" content=\"7 minutos\" \/>\n<script type=\"application\/ld+json\" class=\"yoast-schema-graph\">{\"@context\":\"https:\/\/schema.org\",\"@graph\":[{\"@type\":\"Article\",\"@id\":\"https:\/\/tufiestamolamazo.com\/blog\/como-organizar-un-evento-empresarial\/#article\",\"isPartOf\":{\"@id\":\"https:\/\/tufiestamolamazo.com\/blog\/como-organizar-un-evento-empresarial\/\"},\"author\":{\"name\":\"tufiestamolamazo\",\"@id\":\"https:\/\/tufiestamolamazo.com\/blog\/#\/schema\/person\/c33cb8ff08eef766a9cdf8c794ac323c\"},\"headline\":\"C\u00f3mo organizar un evento empresarial\",\"datePublished\":\"2025-01-22T17:17:14+00:00\",\"dateModified\":\"2025-03-06T15:56:50+00:00\",\"mainEntityOfPage\":{\"@id\":\"https:\/\/tufiestamolamazo.com\/blog\/como-organizar-un-evento-empresarial\/\"},\"wordCount\":1316,\"commentCount\":0,\"publisher\":{\"@id\":\"https:\/\/tufiestamolamazo.com\/blog\/#organization\"},\"articleSection\":[\"Fiestas y eventos\"],\"inLanguage\":\"es\",\"potentialAction\":[{\"@type\":\"CommentAction\",\"name\":\"Comment\",\"target\":[\"https:\/\/tufiestamolamazo.com\/blog\/como-organizar-un-evento-empresarial\/#respond\"]}]},{\"@type\":\"WebPage\",\"@id\":\"https:\/\/tufiestamolamazo.com\/blog\/como-organizar-un-evento-empresarial\/\",\"url\":\"https:\/\/tufiestamolamazo.com\/blog\/como-organizar-un-evento-empresarial\/\",\"name\":\"C\u00f3mo organizar un evento empresarial - Tu Fiesta Mola Mazo\",\"isPartOf\":{\"@id\":\"https:\/\/tufiestamolamazo.com\/blog\/#website\"},\"datePublished\":\"2025-01-22T17:17:14+00:00\",\"dateModified\":\"2025-03-06T15:56:50+00:00\",\"description\":\"Planificaci\u00f3n de eventos empresariales en Esoa\u00f1a.\",\"breadcrumb\":{\"@id\":\"https:\/\/tufiestamolamazo.com\/blog\/como-organizar-un-evento-empresarial\/#breadcrumb\"},\"inLanguage\":\"es\",\"potentialAction\":[{\"@type\":\"ReadAction\",\"target\":[\"https:\/\/tufiestamolamazo.com\/blog\/como-organizar-un-evento-empresarial\/\"]}]},{\"@type\":\"BreadcrumbList\",\"@id\":\"https:\/\/tufiestamolamazo.com\/blog\/como-organizar-un-evento-empresarial\/#breadcrumb\",\"itemListElement\":[{\"@type\":\"ListItem\",\"position\":1,\"name\":\"Portada\",\"item\":\"https:\/\/tufiestamolamazo.com\/blog\/\"},{\"@type\":\"ListItem\",\"position\":2,\"name\":\"C\u00f3mo organizar un evento empresarial\"}]},{\"@type\":\"WebSite\",\"@id\":\"https:\/\/tufiestamolamazo.com\/blog\/#website\",\"url\":\"https:\/\/tufiestamolamazo.com\/blog\/\",\"name\":\"Tu Fiesta Mola Mazo\",\"description\":\"\u00a1Custom\u00edzate tus fiestas!\",\"publisher\":{\"@id\":\"https:\/\/tufiestamolamazo.com\/blog\/#organization\"},\"potentialAction\":[{\"@type\":\"SearchAction\",\"target\":{\"@type\":\"EntryPoint\",\"urlTemplate\":\"https:\/\/tufiestamolamazo.com\/blog\/?s={search_term_string}\"},\"query-input\":\"required name=search_term_string\"}],\"inLanguage\":\"es\"},{\"@type\":\"Organization\",\"@id\":\"https:\/\/tufiestamolamazo.com\/blog\/#organization\",\"name\":\"Tu Fiesta Mola Mazo\",\"url\":\"https:\/\/tufiestamolamazo.com\/blog\/\",\"sameAs\":[\"https:\/\/www.instagram.com\/fiestamolamazo\/\",\"https:\/\/www.linkedin.com\/company\/tu-fiesta-mola-mazo\/\",\"https:\/\/www.pinterest.es\/FiestaMolaMazo\/\",\"https:\/\/www.facebook.com\/tufiesta.molamazo\",\"https:\/\/twitter.com\/FiestaMolaMazo\"],\"logo\":{\"@type\":\"ImageObject\",\"inLanguage\":\"es\",\"@id\":\"https:\/\/tufiestamolamazo.com\/blog\/#\/schema\/logo\/image\/\",\"url\":\"https:\/\/tufiestamolamazo.com\/blog\/wp-content\/uploads\/2019\/04\/tu-fiesta-mola-mazo-logo-1477646342.png\",\"contentUrl\":\"https:\/\/tufiestamolamazo.com\/blog\/wp-content\/uploads\/2019\/04\/tu-fiesta-mola-mazo-logo-1477646342.png\",\"width\":300,\"height\":117,\"caption\":\"Tu Fiesta Mola Mazo\"},\"image\":{\"@id\":\"https:\/\/tufiestamolamazo.com\/blog\/#\/schema\/logo\/image\/\"}},{\"@type\":\"Person\",\"@id\":\"https:\/\/tufiestamolamazo.com\/blog\/#\/schema\/person\/c33cb8ff08eef766a9cdf8c794ac323c\",\"name\":\"tufiestamolamazo\",\"image\":{\"@type\":\"ImageObject\",\"inLanguage\":\"es\",\"@id\":\"https:\/\/tufiestamolamazo.com\/blog\/#\/schema\/person\/image\/\",\"url\":\"https:\/\/secure.gravatar.com\/avatar\/ff0ac7aa77d11c42e79a03372c9074b8?s=96&d=mm&r=g\",\"contentUrl\":\"https:\/\/secure.gravatar.com\/avatar\/ff0ac7aa77d11c42e79a03372c9074b8?s=96&d=mm&r=g\",\"caption\":\"tufiestamolamazo\"}}]}<\/script>\n<!-- \/ Yoast SEO plugin. -->","yoast_head_json":{"title":"C\u00f3mo organizar un evento empresarial - Tu Fiesta Mola Mazo","description":"Planificaci\u00f3n de eventos empresariales en Esoa\u00f1a.","robots":{"index":"index","follow":"follow","max-snippet":"max-snippet:-1","max-image-preview":"max-image-preview:large","max-video-preview":"max-video-preview:-1"},"canonical":"https:\/\/tufiestamolamazo.com\/blog\/como-organizar-un-evento-empresarial\/","og_locale":"es_ES","og_type":"article","og_title":"C\u00f3mo organizar un evento empresarial - Tu Fiesta Mola Mazo","og_description":"Planificaci\u00f3n de eventos empresariales en Esoa\u00f1a.","og_url":"https:\/\/tufiestamolamazo.com\/blog\/como-organizar-un-evento-empresarial\/","og_site_name":"Tu Fiesta Mola Mazo","article_publisher":"https:\/\/www.facebook.com\/tufiesta.molamazo","article_published_time":"2025-01-22T17:17:14+00:00","article_modified_time":"2025-03-06T15:56:50+00:00","og_image":[{"width":700,"height":466,"url":"https:\/\/tufiestamolamazo.com\/blog\/wp-content\/uploads\/2020\/04\/portada.jpg","type":"image\/jpeg"}],"author":"tufiestamolamazo","twitter_card":"summary_large_image","twitter_creator":"@FiestaMolaMazo","twitter_site":"@FiestaMolaMazo","twitter_misc":{"Escrito por":"tufiestamolamazo","Tiempo de lectura":"7 minutos"},"schema":{"@context":"https:\/\/schema.org","@graph":[{"@type":"Article","@id":"https:\/\/tufiestamolamazo.com\/blog\/como-organizar-un-evento-empresarial\/#article","isPartOf":{"@id":"https:\/\/tufiestamolamazo.com\/blog\/como-organizar-un-evento-empresarial\/"},"author":{"name":"tufiestamolamazo","@id":"https:\/\/tufiestamolamazo.com\/blog\/#\/schema\/person\/c33cb8ff08eef766a9cdf8c794ac323c"},"headline":"C\u00f3mo organizar un evento empresarial","datePublished":"2025-01-22T17:17:14+00:00","dateModified":"2025-03-06T15:56:50+00:00","mainEntityOfPage":{"@id":"https:\/\/tufiestamolamazo.com\/blog\/como-organizar-un-evento-empresarial\/"},"wordCount":1316,"commentCount":0,"publisher":{"@id":"https:\/\/tufiestamolamazo.com\/blog\/#organization"},"articleSection":["Fiestas y eventos"],"inLanguage":"es","potentialAction":[{"@type":"CommentAction","name":"Comment","target":["https:\/\/tufiestamolamazo.com\/blog\/como-organizar-un-evento-empresarial\/#respond"]}]},{"@type":"WebPage","@id":"https:\/\/tufiestamolamazo.com\/blog\/como-organizar-un-evento-empresarial\/","url":"https:\/\/tufiestamolamazo.com\/blog\/como-organizar-un-evento-empresarial\/","name":"C\u00f3mo organizar un evento empresarial - Tu Fiesta Mola Mazo","isPartOf":{"@id":"https:\/\/tufiestamolamazo.com\/blog\/#website"},"datePublished":"2025-01-22T17:17:14+00:00","dateModified":"2025-03-06T15:56:50+00:00","description":"Planificaci\u00f3n de eventos empresariales en Esoa\u00f1a.","breadcrumb":{"@id":"https:\/\/tufiestamolamazo.com\/blog\/como-organizar-un-evento-empresarial\/#breadcrumb"},"inLanguage":"es","potentialAction":[{"@type":"ReadAction","target":["https:\/\/tufiestamolamazo.com\/blog\/como-organizar-un-evento-empresarial\/"]}]},{"@type":"BreadcrumbList","@id":"https:\/\/tufiestamolamazo.com\/blog\/como-organizar-un-evento-empresarial\/#breadcrumb","itemListElement":[{"@type":"ListItem","position":1,"name":"Portada","item":"https:\/\/tufiestamolamazo.com\/blog\/"},{"@type":"ListItem","position":2,"name":"C\u00f3mo organizar un evento empresarial"}]},{"@type":"WebSite","@id":"https:\/\/tufiestamolamazo.com\/blog\/#website","url":"https:\/\/tufiestamolamazo.com\/blog\/","name":"Tu Fiesta Mola Mazo","description":"\u00a1Custom\u00edzate tus fiestas!","publisher":{"@id":"https:\/\/tufiestamolamazo.com\/blog\/#organization"},"potentialAction":[{"@type":"SearchAction","target":{"@type":"EntryPoint","urlTemplate":"https:\/\/tufiestamolamazo.com\/blog\/?s={search_term_string}"},"query-input":"required name=search_term_string"}],"inLanguage":"es"},{"@type":"Organization","@id":"https:\/\/tufiestamolamazo.com\/blog\/#organization","name":"Tu Fiesta Mola Mazo","url":"https:\/\/tufiestamolamazo.com\/blog\/","sameAs":["https:\/\/www.instagram.com\/fiestamolamazo\/","https:\/\/www.linkedin.com\/company\/tu-fiesta-mola-mazo\/","https:\/\/www.pinterest.es\/FiestaMolaMazo\/","https:\/\/www.facebook.com\/tufiesta.molamazo","https:\/\/twitter.com\/FiestaMolaMazo"],"logo":{"@type":"ImageObject","inLanguage":"es","@id":"https:\/\/tufiestamolamazo.com\/blog\/#\/schema\/logo\/image\/","url":"https:\/\/tufiestamolamazo.com\/blog\/wp-content\/uploads\/2019\/04\/tu-fiesta-mola-mazo-logo-1477646342.png","contentUrl":"https:\/\/tufiestamolamazo.com\/blog\/wp-content\/uploads\/2019\/04\/tu-fiesta-mola-mazo-logo-1477646342.png","width":300,"height":117,"caption":"Tu Fiesta Mola Mazo"},"image":{"@id":"https:\/\/tufiestamolamazo.com\/blog\/#\/schema\/logo\/image\/"}},{"@type":"Person","@id":"https:\/\/tufiestamolamazo.com\/blog\/#\/schema\/person\/c33cb8ff08eef766a9cdf8c794ac323c","name":"tufiestamolamazo","image":{"@type":"ImageObject","inLanguage":"es","@id":"https:\/\/tufiestamolamazo.com\/blog\/#\/schema\/person\/image\/","url":"https:\/\/secure.gravatar.com\/avatar\/ff0ac7aa77d11c42e79a03372c9074b8?s=96&d=mm&r=g","contentUrl":"https:\/\/secure.gravatar.com\/avatar\/ff0ac7aa77d11c42e79a03372c9074b8?s=96&d=mm&r=g","caption":"tufiestamolamazo"}}]}},"_links":{"self":[{"href":"https:\/\/tufiestamolamazo.com\/blog\/wp-json\/wp\/v2\/posts\/1933"}],"collection":[{"href":"https:\/\/tufiestamolamazo.com\/blog\/wp-json\/wp\/v2\/posts"}],"about":[{"href":"https:\/\/tufiestamolamazo.com\/blog\/wp-json\/wp\/v2\/types\/post"}],"author":[{"embeddable":true,"href":"https:\/\/tufiestamolamazo.com\/blog\/wp-json\/wp\/v2\/users\/1"}],"replies":[{"embeddable":true,"href":"https:\/\/tufiestamolamazo.com\/blog\/wp-json\/wp\/v2\/comments?post=1933"}],"version-history":[{"count":6,"href":"https:\/\/tufiestamolamazo.com\/blog\/wp-json\/wp\/v2\/posts\/1933\/revisions"}],"predecessor-version":[{"id":2079,"href":"https:\/\/tufiestamolamazo.com\/blog\/wp-json\/wp\/v2\/posts\/1933\/revisions\/2079"}],"wp:featuredmedia":[{"embeddable":true,"href":"https:\/\/tufiestamolamazo.com\/blog\/wp-json\/wp\/v2\/media\/1938"}],"wp:attachment":[{"href":"https:\/\/tufiestamolamazo.com\/blog\/wp-json\/wp\/v2\/media?parent=1933"}],"wp:term":[{"taxonomy":"category","embeddable":true,"href":"https:\/\/tufiestamolamazo.com\/blog\/wp-json\/wp\/v2\/categories?post=1933"},{"taxonomy":"post_tag","embeddable":true,"href":"https:\/\/tufiestamolamazo.com\/blog\/wp-json\/wp\/v2\/tags?post=1933"}],"curies":[{"name":"wp","href":"https:\/\/api.w.org\/{rel}","templated":true}]}}