{"id":1584,"date":"2025-01-19T09:28:58","date_gmt":"2025-01-19T08:28:58","guid":{"rendered":"http:\/\/tufiestamolamazo.com\/blog\/?p=1584"},"modified":"2025-03-06T16:53:24","modified_gmt":"2025-03-06T15:53:24","slug":"carpa-tu-fiesta-mola-mazo-celebracion-eventos-fiestas","status":"publish","type":"post","link":"https:\/\/tufiestamolamazo.com\/blog\/carpa-tu-fiesta-mola-mazo-celebracion-eventos-fiestas\/","title":{"rendered":"\u00bfY por qu\u00e9 no una carpa para celebrar tus eventos?"},"content":{"rendered":"\r\n<h2 class=\"wp-block-heading\" style=\"text-align: center;\">Dale un toque sofisticado a tu evento mientras que resguardas del sol, el calor o la lluvia a tus invitados<\/h2>\r\n\r\n\r\n\r\n<p>\u00bfY por qu\u00e9 no una carpa para<strong> reunir a los invitados<\/strong> de esa fiesta o evento que est\u00e1s pensando en organizar? As\u00ed, en plan recogido, casi \u00edntimo. Que permita a tus invitados <strong>resguardarse del sol, el calor, la lluvia<\/strong> o lo que sea durante el evento. Varias, por ejemplo, repartidas por todo el per\u00edmetro donde los vayas a realizar, situadas en puntos claves como al lado del escenario, el photocall o cerca de donde se haga la reuni\u00f3n, acto, promoci\u00f3n\u2026 Pero no solo eso, que te ayude a <strong>mejorar tu imagen de marca<\/strong> estampando tu logo o el dise\u00f1o que prefieras por todo el evento y destacando as\u00ed frente a la competencia. \u00bfQu\u00e9 te parece la idea? Si te interesa, sigue leyendo, que te contamos m\u00e1s.<\/p>\r\n<p>En nuestro caso, lo que te ofrecemos son <strong>carpas plegables premium 2\u00d72<\/strong> ideales para cualquier tipo de evento que tengas en la cabeza; ya sea <strong>interior o exterior<\/strong>, una boda, un cumplea\u00f1os, una feria, un acto promocional, etc\u00e9tera. \u00a1La soluci\u00f3n que necesitas!<\/p>\r\n\r\n\r\n\r\n\r\n\r\n<p>Para que te hagas una idea, estas son las <strong>medidas de nuestras carpas<\/strong>:<\/p>\r\n\r\n\r\n\r\n<p>\u2022 Medida Carpa: 150 x 150 cm.<\/p>\r\n\r\n\r\n\r\n<p>\u2022 Altura c\u00faspide: 280 cm.<\/p>\r\n\r\n\r\n\r\n<p>\u2022 Altura m\u00e1xima carpa: 203 cm.<\/p>\r\n\r\n\r\n\r\n<p>\u2022 Peso carpa: 21 kg.<\/p>\r\n\r\n\r\n\r\n<figure class=\"wp-block-image\">\r\n<figure id=\"attachment_1585\" aria-describedby=\"caption-attachment-1585\" style=\"width: 667px\" class=\"wp-caption aligncenter\"><img fetchpriority=\"high\" decoding=\"async\" class=\"wp-image-1585 size-full\" src=\"https:\/\/tufiestamolamazo.com\/blog\/wp-content\/uploads\/2019\/09\/carpa-plegable-premium-e1594901517360.jpg\" alt=\"Carpa plegable de exterior \" width=\"667\" height=\"674\" srcset=\"https:\/\/tufiestamolamazo.com\/blog\/wp-content\/uploads\/2019\/09\/carpa-plegable-premium-e1594901517360.jpg 667w, https:\/\/tufiestamolamazo.com\/blog\/wp-content\/uploads\/2019\/09\/carpa-plegable-premium-e1594901517360-297x300.jpg 297w, https:\/\/tufiestamolamazo.com\/blog\/wp-content\/uploads\/2019\/09\/carpa-plegable-premium-e1594901517360-418x422.jpg 418w\" sizes=\"(max-width: 667px) 100vw, 667px\" \/><figcaption id=\"caption-attachment-1585\" class=\"wp-caption-text\">Carpa plegable premium<\/figcaption><\/figure>\r\n<\/figure>\r\n\r\n\r\n\r\n<h3 class=\"wp-block-heading\">Estructura<\/h3>\r\n\r\n\r\n\r\n<p>En lo que respecta a su estructura, <strong>nuestras carpas est\u00e1n hechas de aluminio y el techo es de poli\u00e9ster impermeable e ign\u00edfugo, de ah\u00ed que sean compactas, ligeras, y lo m\u00e1s importante de todo: duraderas<\/strong>. Puedes elegir entre los <strong>cuatro colores<\/strong> en lo que esta disponible: azul, blanco, negro y rojo. Tambi\u00e9n incluyen un kit de cuatro piquetas para anclarlas en el suelo sin miedo a que salgan volando.<\/p>\r\n\r\n\r\n\r\n<p>Y no menos importante que todo lo anterior, que es lo que realmente te interesa: <strong>sencillas de montar y desmontar. Adem\u00e1s, traen consigo una pr\u00e1ctica silla de ruedas para que puedas trasladarlas all\u00e1 donde se celebre tu fiesta o evento de una manera muy c\u00f3moda<\/strong>. Una manera de poder utilizarlas despu\u00e9s en otros eventos que surjan o que ya tengas pensados.<\/p>\r\n\r\n\r\n\r\n<p>A todo esto hay que unir otro detalle tambi\u00e9n a tener muy en cuenta: <strong>la podemos personalizar a tu gusto<\/strong>. <strong>Solo tienes que enviarnos un correo a <\/strong><strong>info@tufiestamolamazo.com<\/strong><strong>, o bien entra en <\/strong><a href=\"https:\/\/www.tufiestamolamazo.com\/carpas-exteriores\/3309-carpa-plegable-premium.html?search_query=carpa&amp;results=1\"><strong>nuestra web<\/strong><\/a><strong> y sube tu imagen o el archivo que quieras que aparezca en el bot\u00f3n UPLOAD<\/strong>.<\/p>\r\n<p>Si la idea de <strong>mejorar la imagen del evento<\/strong> con tu dise\u00f1o o marca te gusta, atento, porque esto te va a encantar. Tambi\u00e9n contamos con <strong><a href=\"https:\/\/www.tufiestamolamazo.com\/fly-banner-surf\/1116-photocall-fly-banner.html\" target=\"_blank\" rel=\"noopener noreferrer\">fly banners surf<\/a>\u00a0o <a href=\"https:\/\/www.tufiestamolamazo.com\/fly-banner-lagrima\/1108-photocall-fly-banner.html\" target=\"_blank\" rel=\"noopener noreferrer\">l\u00e1grima<\/a><\/strong>, un display ideal para eventos outdoor;\u00a0<a href=\"https:\/\/www.tufiestamolamazo.com\/golf-banner\/1144-golf-banner-m.html\" target=\"_blank\" rel=\"noopener noreferrer\"><strong>golf banners<\/strong><\/a>,\u00a0banderas publicitarias de exterior perfectas para eventos deportivos en playa y aire libre; y <strong><a href=\"https:\/\/www.tufiestamolamazo.com\/lona\/941-lona-de-photocall-de-80x200cm.html\" target=\"_blank\" rel=\"noopener noreferrer\">lonas<\/a><\/strong> para complementar o sustituir photocalls, carteles, etc. Todo personalizable y en distintos tama\u00f1os y medidas. Ahora si que si, tu evento esta completo.\u00a0<\/p>\r\n\r\n\r\n\r\n<figure id=\"attachment_2026\" aria-describedby=\"caption-attachment-2026\" style=\"width: 400px\" class=\"wp-caption aligncenter\"><img decoding=\"async\" class=\"wp-image-2026 size-full\" src=\"https:\/\/tufiestamolamazo.com\/blog\/wp-content\/uploads\/2019\/09\/photocall-fly-banner.jpg\" alt=\"Fly banner dise\u00f1o l\u00e1grima para exterior\" width=\"400\" height=\"510\" srcset=\"https:\/\/tufiestamolamazo.com\/blog\/wp-content\/uploads\/2019\/09\/photocall-fly-banner.jpg 400w, https:\/\/tufiestamolamazo.com\/blog\/wp-content\/uploads\/2019\/09\/photocall-fly-banner-235x300.jpg 235w\" sizes=\"(max-width: 400px) 100vw, 400px\" \/><figcaption id=\"caption-attachment-2026\" class=\"wp-caption-text\">Fly banner l\u00e1grima<\/figcaption><\/figure>\r\n<figure id=\"attachment_1896\" aria-describedby=\"caption-attachment-1896\" style=\"width: 400px\" class=\"wp-caption aligncenter\"><img decoding=\"async\" class=\"wp-image-1896 size-full\" src=\"https:\/\/tufiestamolamazo.com\/blog\/wp-content\/uploads\/2015\/08\/golf-banner-l-e1586868321903.jpg\" alt=\"Photocall Golf banner\" width=\"400\" height=\"383\" srcset=\"https:\/\/tufiestamolamazo.com\/blog\/wp-content\/uploads\/2015\/08\/golf-banner-l-e1586868321903.jpg 400w, https:\/\/tufiestamolamazo.com\/blog\/wp-content\/uploads\/2015\/08\/golf-banner-l-e1586868321903-300x287.jpg 300w\" sizes=\"(max-width: 400px) 100vw, 400px\" \/><figcaption id=\"caption-attachment-1896\" class=\"wp-caption-text\">Golf banner<\/figcaption><\/figure>\r\n<figure id=\"attachment_2025\" aria-describedby=\"caption-attachment-2025\" style=\"width: 400px\" class=\"wp-caption aligncenter\"><img loading=\"lazy\" decoding=\"async\" class=\"wp-image-2025 size-full\" src=\"https:\/\/tufiestamolamazo.com\/blog\/wp-content\/uploads\/2019\/09\/lona-de-photocall-de-80x200cm.jpg\" alt=\"Lona personalizable para eventos \" width=\"400\" height=\"510\" srcset=\"https:\/\/tufiestamolamazo.com\/blog\/wp-content\/uploads\/2019\/09\/lona-de-photocall-de-80x200cm.jpg 400w, https:\/\/tufiestamolamazo.com\/blog\/wp-content\/uploads\/2019\/09\/lona-de-photocall-de-80x200cm-235x300.jpg 235w\" sizes=\"(max-width: 400px) 100vw, 400px\" \/><figcaption id=\"caption-attachment-2025\" class=\"wp-caption-text\">Lona de photocall<\/figcaption><\/figure>\r\n<p>&nbsp;<\/p>\r\n<p>Pues eso, una manera la mar de original de llamar la atenci\u00f3n y, asimismo, de complacer a tus invitados.<\/p>\r\n\r\n\r\n\r\n<p style=\"text-align: center;\"><strong>\u00a1Ah! Tanto el dise\u00f1o como el env\u00edo son gratuitos<\/strong> &#x1f60a;<\/p>\r\n\r\n\r\n","protected":false},"excerpt":{"rendered":"<p>Te ofrecemos son carpas plegables premium 2\u00d72 ideales para cualquier tipo de evento que tengas en la cabeza; ya sea interior o exterior, una boda, una feria, un acto promocional, etc\u00e9tera. \u00a1La soluci\u00f3n que necesitas! <\/p>\n","protected":false},"author":1,"featured_media":1586,"comment_status":"open","ping_status":"open","sticky":false,"template":"","format":"standard","meta":{"_eb_attr":"","ocean_post_layout":"","ocean_both_sidebars_style":"","ocean_both_sidebars_content_width":0,"ocean_both_sidebars_sidebars_width":0,"ocean_sidebar":"0","ocean_second_sidebar":"0","ocean_disable_margins":"enable","ocean_add_body_class":"","ocean_shortcode_before_top_bar":"","ocean_shortcode_after_top_bar":"","ocean_shortcode_before_header":"","ocean_shortcode_after_header":"","ocean_has_shortcode":"","ocean_shortcode_after_title":"","ocean_shortcode_before_footer_widgets":"","ocean_shortcode_after_footer_widgets":"","ocean_shortcode_before_footer_bottom":"","ocean_shortcode_after_footer_bottom":"","ocean_display_top_bar":"default","ocean_display_header":"default","ocean_header_style":"","ocean_center_header_left_menu":"0","ocean_custom_header_template":"0","ocean_custom_logo":0,"ocean_custom_retina_logo":0,"ocean_custom_logo_max_width":0,"ocean_custom_logo_tablet_max_width":0,"ocean_custom_logo_mobile_max_width":0,"ocean_custom_logo_max_height":0,"ocean_custom_logo_tablet_max_height":0,"ocean_custom_logo_mobile_max_height":0,"ocean_header_custom_menu":"0","ocean_menu_typo_font_family":"0","ocean_menu_typo_font_subset":"","ocean_menu_typo_font_size":0,"ocean_menu_typo_font_size_tablet":0,"ocean_menu_typo_font_size_mobile":0,"ocean_menu_typo_font_size_unit":"px","ocean_menu_typo_font_weight":"","ocean_menu_typo_font_weight_tablet":"","ocean_menu_typo_font_weight_mobile":"","ocean_menu_typo_transform":"","ocean_menu_typo_transform_tablet":"","ocean_menu_typo_transform_mobile":"","ocean_menu_typo_line_height":0,"ocean_menu_typo_line_height_tablet":0,"ocean_menu_typo_line_height_mobile":0,"ocean_menu_typo_line_height_unit":"","ocean_menu_typo_spacing":0,"ocean_menu_typo_spacing_tablet":0,"ocean_menu_typo_spacing_mobile":0,"ocean_menu_typo_spacing_unit":"","ocean_menu_link_color":"","ocean_menu_link_color_hover":"","ocean_menu_link_color_active":"","ocean_menu_link_background":"","ocean_menu_link_hover_background":"","ocean_menu_link_active_background":"","ocean_menu_social_links_bg":"","ocean_menu_social_hover_links_bg":"","ocean_menu_social_links_color":"","ocean_menu_social_hover_links_color":"","ocean_disable_title":"default","ocean_disable_heading":"default","ocean_post_title":"","ocean_post_subheading":"","ocean_post_title_style":"","ocean_post_title_background_color":"","ocean_post_title_background":0,"ocean_post_title_bg_image_position":"","ocean_post_title_bg_image_attachment":"","ocean_post_title_bg_image_repeat":"","ocean_post_title_bg_image_size":"","ocean_post_title_height":0,"ocean_post_title_bg_overlay":0.5,"ocean_post_title_bg_overlay_color":"","ocean_disable_breadcrumbs":"default","ocean_breadcrumbs_color":"","ocean_breadcrumbs_separator_color":"","ocean_breadcrumbs_links_color":"","ocean_breadcrumbs_links_hover_color":"","ocean_display_footer_widgets":"default","ocean_display_footer_bottom":"default","ocean_custom_footer_template":"0","ocean_post_oembed":"","ocean_post_self_hosted_media":"","ocean_post_video_embed":"","ocean_link_format":"","ocean_link_format_target":"self","ocean_quote_format":"","ocean_quote_format_link":"post","ocean_gallery_link_images":"on","ocean_gallery_id":[],"footnotes":""},"categories":[508,509],"tags":[629,48,549,640,551,148,550,150,168,641],"class_list":["post-1584","post","type-post","status-publish","format-standard","has-post-thumbnail","hentry","category-decoracion","category-fiestas-y-eventos","tag-actos-promocionales","tag-boda","tag-carpa","tag-carpas","tag-evento-empresarial","tag-eventos","tag-eventos-al-aire-libre","tag-exterior","tag-fiestas","tag-toldos","entry","has-media"],"yoast_head":"<!-- This site is optimized with the Yoast SEO plugin v19.7.2 - https:\/\/yoast.com\/wordpress\/plugins\/seo\/ -->\n<title>\u00bfY por qu\u00e9 no una carpa para celebrar tus eventos? - Tu Fiesta Mola Mazo<\/title>\n<meta name=\"description\" content=\"Te ofrecemos carpas plegables premium 2\u00d72 ideales para cualquier tipo de evento; ya sea interior o exterior, bodas, cumplea\u00f1os, actos promocionales...\" \/>\n<meta name=\"robots\" content=\"index, follow, max-snippet:-1, max-image-preview:large, max-video-preview:-1\" \/>\n<link rel=\"canonical\" href=\"https:\/\/tufiestamolamazo.com\/blog\/carpa-tu-fiesta-mola-mazo-celebracion-eventos-fiestas\/\" \/>\n<meta property=\"og:locale\" content=\"es_ES\" \/>\n<meta property=\"og:type\" content=\"article\" \/>\n<meta property=\"og:title\" content=\"\u00bfY por qu\u00e9 no una carpa para celebrar tus eventos? - Tu Fiesta Mola Mazo\" \/>\n<meta property=\"og:description\" content=\"Te ofrecemos carpas plegables premium 2\u00d72 ideales para cualquier tipo de evento; ya sea interior o exterior, bodas, cumplea\u00f1os, actos promocionales...\" \/>\n<meta property=\"og:url\" content=\"https:\/\/tufiestamolamazo.com\/blog\/carpa-tu-fiesta-mola-mazo-celebracion-eventos-fiestas\/\" \/>\n<meta property=\"og:site_name\" content=\"Tu Fiesta Mola Mazo\" \/>\n<meta property=\"article:publisher\" content=\"https:\/\/www.facebook.com\/tufiesta.molamazo\" \/>\n<meta property=\"article:published_time\" content=\"2025-01-19T08:28:58+00:00\" \/>\n<meta property=\"article:modified_time\" content=\"2025-03-06T15:53:24+00:00\" \/>\n<meta property=\"og:image\" content=\"https:\/\/tufiestamolamazo.com\/blog\/wp-content\/uploads\/2019\/09\/carpa-plegable-premium-1-e1567613189124.jpg\" \/>\n\t<meta property=\"og:image:width\" content=\"300\" \/>\n\t<meta property=\"og:image:height\" content=\"300\" \/>\n\t<meta property=\"og:image:type\" content=\"image\/jpeg\" \/>\n<meta name=\"author\" content=\"tufiestamolamazo\" \/>\n<meta name=\"twitter:card\" content=\"summary_large_image\" \/>\n<meta name=\"twitter:creator\" content=\"@FiestaMolaMazo\" \/>\n<meta name=\"twitter:site\" content=\"@FiestaMolaMazo\" \/>\n<meta name=\"twitter:label1\" content=\"Escrito por\" \/>\n\t<meta name=\"twitter:data1\" content=\"tufiestamolamazo\" \/>\n\t<meta name=\"twitter:label2\" content=\"Tiempo de lectura\" \/>\n\t<meta name=\"twitter:data2\" content=\"4 minutos\" \/>\n<script type=\"application\/ld+json\" class=\"yoast-schema-graph\">{\"@context\":\"https:\/\/schema.org\",\"@graph\":[{\"@type\":\"Article\",\"@id\":\"https:\/\/tufiestamolamazo.com\/blog\/carpa-tu-fiesta-mola-mazo-celebracion-eventos-fiestas\/#article\",\"isPartOf\":{\"@id\":\"https:\/\/tufiestamolamazo.com\/blog\/carpa-tu-fiesta-mola-mazo-celebracion-eventos-fiestas\/\"},\"author\":{\"name\":\"tufiestamolamazo\",\"@id\":\"https:\/\/tufiestamolamazo.com\/blog\/#\/schema\/person\/c33cb8ff08eef766a9cdf8c794ac323c\"},\"headline\":\"\u00bfY por qu\u00e9 no una carpa para celebrar tus eventos?\",\"datePublished\":\"2025-01-19T08:28:58+00:00\",\"dateModified\":\"2025-03-06T15:53:24+00:00\",\"mainEntityOfPage\":{\"@id\":\"https:\/\/tufiestamolamazo.com\/blog\/carpa-tu-fiesta-mola-mazo-celebracion-eventos-fiestas\/\"},\"wordCount\":584,\"commentCount\":0,\"publisher\":{\"@id\":\"https:\/\/tufiestamolamazo.com\/blog\/#organization\"},\"keywords\":[\"actos promocionales\",\"boda\",\"Carpa\",\"carpas\",\"evento empresarial\",\"eventos\",\"eventos al aire libre\",\"exterior\",\"Fiestas\",\"toldos\"],\"articleSection\":[\"Decoracion\",\"Fiestas y eventos\"],\"inLanguage\":\"es\",\"potentialAction\":[{\"@type\":\"CommentAction\",\"name\":\"Comment\",\"target\":[\"https:\/\/tufiestamolamazo.com\/blog\/carpa-tu-fiesta-mola-mazo-celebracion-eventos-fiestas\/#respond\"]}]},{\"@type\":\"WebPage\",\"@id\":\"https:\/\/tufiestamolamazo.com\/blog\/carpa-tu-fiesta-mola-mazo-celebracion-eventos-fiestas\/\",\"url\":\"https:\/\/tufiestamolamazo.com\/blog\/carpa-tu-fiesta-mola-mazo-celebracion-eventos-fiestas\/\",\"name\":\"\u00bfY por qu\u00e9 no una carpa para celebrar tus eventos? - Tu Fiesta Mola Mazo\",\"isPartOf\":{\"@id\":\"https:\/\/tufiestamolamazo.com\/blog\/#website\"},\"datePublished\":\"2025-01-19T08:28:58+00:00\",\"dateModified\":\"2025-03-06T15:53:24+00:00\",\"description\":\"Te ofrecemos carpas plegables premium 2\u00d72 ideales para cualquier tipo de evento; ya sea interior o exterior, bodas, cumplea\u00f1os, actos promocionales...\",\"breadcrumb\":{\"@id\":\"https:\/\/tufiestamolamazo.com\/blog\/carpa-tu-fiesta-mola-mazo-celebracion-eventos-fiestas\/#breadcrumb\"},\"inLanguage\":\"es\",\"potentialAction\":[{\"@type\":\"ReadAction\",\"target\":[\"https:\/\/tufiestamolamazo.com\/blog\/carpa-tu-fiesta-mola-mazo-celebracion-eventos-fiestas\/\"]}]},{\"@type\":\"BreadcrumbList\",\"@id\":\"https:\/\/tufiestamolamazo.com\/blog\/carpa-tu-fiesta-mola-mazo-celebracion-eventos-fiestas\/#breadcrumb\",\"itemListElement\":[{\"@type\":\"ListItem\",\"position\":1,\"name\":\"Portada\",\"item\":\"https:\/\/tufiestamolamazo.com\/blog\/\"},{\"@type\":\"ListItem\",\"position\":2,\"name\":\"\u00bfY por qu\u00e9 no una carpa para celebrar tus eventos?\"}]},{\"@type\":\"WebSite\",\"@id\":\"https:\/\/tufiestamolamazo.com\/blog\/#website\",\"url\":\"https:\/\/tufiestamolamazo.com\/blog\/\",\"name\":\"Tu Fiesta Mola Mazo\",\"description\":\"\u00a1Custom\u00edzate tus fiestas!\",\"publisher\":{\"@id\":\"https:\/\/tufiestamolamazo.com\/blog\/#organization\"},\"potentialAction\":[{\"@type\":\"SearchAction\",\"target\":{\"@type\":\"EntryPoint\",\"urlTemplate\":\"https:\/\/tufiestamolamazo.com\/blog\/?s={search_term_string}\"},\"query-input\":\"required name=search_term_string\"}],\"inLanguage\":\"es\"},{\"@type\":\"Organization\",\"@id\":\"https:\/\/tufiestamolamazo.com\/blog\/#organization\",\"name\":\"Tu Fiesta Mola Mazo\",\"url\":\"https:\/\/tufiestamolamazo.com\/blog\/\",\"sameAs\":[\"https:\/\/www.instagram.com\/fiestamolamazo\/\",\"https:\/\/www.linkedin.com\/company\/tu-fiesta-mola-mazo\/\",\"https:\/\/www.pinterest.es\/FiestaMolaMazo\/\",\"https:\/\/www.facebook.com\/tufiesta.molamazo\",\"https:\/\/twitter.com\/FiestaMolaMazo\"],\"logo\":{\"@type\":\"ImageObject\",\"inLanguage\":\"es\",\"@id\":\"https:\/\/tufiestamolamazo.com\/blog\/#\/schema\/logo\/image\/\",\"url\":\"https:\/\/tufiestamolamazo.com\/blog\/wp-content\/uploads\/2019\/04\/tu-fiesta-mola-mazo-logo-1477646342.png\",\"contentUrl\":\"https:\/\/tufiestamolamazo.com\/blog\/wp-content\/uploads\/2019\/04\/tu-fiesta-mola-mazo-logo-1477646342.png\",\"width\":300,\"height\":117,\"caption\":\"Tu Fiesta Mola Mazo\"},\"image\":{\"@id\":\"https:\/\/tufiestamolamazo.com\/blog\/#\/schema\/logo\/image\/\"}},{\"@type\":\"Person\",\"@id\":\"https:\/\/tufiestamolamazo.com\/blog\/#\/schema\/person\/c33cb8ff08eef766a9cdf8c794ac323c\",\"name\":\"tufiestamolamazo\",\"image\":{\"@type\":\"ImageObject\",\"inLanguage\":\"es\",\"@id\":\"https:\/\/tufiestamolamazo.com\/blog\/#\/schema\/person\/image\/\",\"url\":\"https:\/\/secure.gravatar.com\/avatar\/ff0ac7aa77d11c42e79a03372c9074b8?s=96&d=mm&r=g\",\"contentUrl\":\"https:\/\/secure.gravatar.com\/avatar\/ff0ac7aa77d11c42e79a03372c9074b8?s=96&d=mm&r=g\",\"caption\":\"tufiestamolamazo\"}}]}<\/script>\n<!-- \/ Yoast SEO plugin. -->","yoast_head_json":{"title":"\u00bfY por qu\u00e9 no una carpa para celebrar tus eventos? - Tu Fiesta Mola Mazo","description":"Te ofrecemos carpas plegables premium 2\u00d72 ideales para cualquier tipo de evento; ya sea interior o exterior, bodas, cumplea\u00f1os, actos promocionales...","robots":{"index":"index","follow":"follow","max-snippet":"max-snippet:-1","max-image-preview":"max-image-preview:large","max-video-preview":"max-video-preview:-1"},"canonical":"https:\/\/tufiestamolamazo.com\/blog\/carpa-tu-fiesta-mola-mazo-celebracion-eventos-fiestas\/","og_locale":"es_ES","og_type":"article","og_title":"\u00bfY por qu\u00e9 no una carpa para celebrar tus eventos? - Tu Fiesta Mola Mazo","og_description":"Te ofrecemos carpas plegables premium 2\u00d72 ideales para cualquier tipo de evento; ya sea interior o exterior, bodas, cumplea\u00f1os, actos promocionales...","og_url":"https:\/\/tufiestamolamazo.com\/blog\/carpa-tu-fiesta-mola-mazo-celebracion-eventos-fiestas\/","og_site_name":"Tu Fiesta Mola Mazo","article_publisher":"https:\/\/www.facebook.com\/tufiesta.molamazo","article_published_time":"2025-01-19T08:28:58+00:00","article_modified_time":"2025-03-06T15:53:24+00:00","og_image":[{"width":300,"height":300,"url":"https:\/\/tufiestamolamazo.com\/blog\/wp-content\/uploads\/2019\/09\/carpa-plegable-premium-1-e1567613189124.jpg","type":"image\/jpeg"}],"author":"tufiestamolamazo","twitter_card":"summary_large_image","twitter_creator":"@FiestaMolaMazo","twitter_site":"@FiestaMolaMazo","twitter_misc":{"Escrito por":"tufiestamolamazo","Tiempo de lectura":"4 minutos"},"schema":{"@context":"https:\/\/schema.org","@graph":[{"@type":"Article","@id":"https:\/\/tufiestamolamazo.com\/blog\/carpa-tu-fiesta-mola-mazo-celebracion-eventos-fiestas\/#article","isPartOf":{"@id":"https:\/\/tufiestamolamazo.com\/blog\/carpa-tu-fiesta-mola-mazo-celebracion-eventos-fiestas\/"},"author":{"name":"tufiestamolamazo","@id":"https:\/\/tufiestamolamazo.com\/blog\/#\/schema\/person\/c33cb8ff08eef766a9cdf8c794ac323c"},"headline":"\u00bfY por qu\u00e9 no una carpa para celebrar tus eventos?","datePublished":"2025-01-19T08:28:58+00:00","dateModified":"2025-03-06T15:53:24+00:00","mainEntityOfPage":{"@id":"https:\/\/tufiestamolamazo.com\/blog\/carpa-tu-fiesta-mola-mazo-celebracion-eventos-fiestas\/"},"wordCount":584,"commentCount":0,"publisher":{"@id":"https:\/\/tufiestamolamazo.com\/blog\/#organization"},"keywords":["actos promocionales","boda","Carpa","carpas","evento empresarial","eventos","eventos al aire libre","exterior","Fiestas","toldos"],"articleSection":["Decoracion","Fiestas y eventos"],"inLanguage":"es","potentialAction":[{"@type":"CommentAction","name":"Comment","target":["https:\/\/tufiestamolamazo.com\/blog\/carpa-tu-fiesta-mola-mazo-celebracion-eventos-fiestas\/#respond"]}]},{"@type":"WebPage","@id":"https:\/\/tufiestamolamazo.com\/blog\/carpa-tu-fiesta-mola-mazo-celebracion-eventos-fiestas\/","url":"https:\/\/tufiestamolamazo.com\/blog\/carpa-tu-fiesta-mola-mazo-celebracion-eventos-fiestas\/","name":"\u00bfY por qu\u00e9 no una carpa para celebrar tus eventos? - Tu Fiesta Mola Mazo","isPartOf":{"@id":"https:\/\/tufiestamolamazo.com\/blog\/#website"},"datePublished":"2025-01-19T08:28:58+00:00","dateModified":"2025-03-06T15:53:24+00:00","description":"Te ofrecemos carpas plegables premium 2\u00d72 ideales para cualquier tipo de evento; ya sea interior o exterior, bodas, cumplea\u00f1os, actos promocionales...","breadcrumb":{"@id":"https:\/\/tufiestamolamazo.com\/blog\/carpa-tu-fiesta-mola-mazo-celebracion-eventos-fiestas\/#breadcrumb"},"inLanguage":"es","potentialAction":[{"@type":"ReadAction","target":["https:\/\/tufiestamolamazo.com\/blog\/carpa-tu-fiesta-mola-mazo-celebracion-eventos-fiestas\/"]}]},{"@type":"BreadcrumbList","@id":"https:\/\/tufiestamolamazo.com\/blog\/carpa-tu-fiesta-mola-mazo-celebracion-eventos-fiestas\/#breadcrumb","itemListElement":[{"@type":"ListItem","position":1,"name":"Portada","item":"https:\/\/tufiestamolamazo.com\/blog\/"},{"@type":"ListItem","position":2,"name":"\u00bfY por qu\u00e9 no una carpa para celebrar tus eventos?"}]},{"@type":"WebSite","@id":"https:\/\/tufiestamolamazo.com\/blog\/#website","url":"https:\/\/tufiestamolamazo.com\/blog\/","name":"Tu Fiesta Mola Mazo","description":"\u00a1Custom\u00edzate tus fiestas!","publisher":{"@id":"https:\/\/tufiestamolamazo.com\/blog\/#organization"},"potentialAction":[{"@type":"SearchAction","target":{"@type":"EntryPoint","urlTemplate":"https:\/\/tufiestamolamazo.com\/blog\/?s={search_term_string}"},"query-input":"required name=search_term_string"}],"inLanguage":"es"},{"@type":"Organization","@id":"https:\/\/tufiestamolamazo.com\/blog\/#organization","name":"Tu Fiesta Mola Mazo","url":"https:\/\/tufiestamolamazo.com\/blog\/","sameAs":["https:\/\/www.instagram.com\/fiestamolamazo\/","https:\/\/www.linkedin.com\/company\/tu-fiesta-mola-mazo\/","https:\/\/www.pinterest.es\/FiestaMolaMazo\/","https:\/\/www.facebook.com\/tufiesta.molamazo","https:\/\/twitter.com\/FiestaMolaMazo"],"logo":{"@type":"ImageObject","inLanguage":"es","@id":"https:\/\/tufiestamolamazo.com\/blog\/#\/schema\/logo\/image\/","url":"https:\/\/tufiestamolamazo.com\/blog\/wp-content\/uploads\/2019\/04\/tu-fiesta-mola-mazo-logo-1477646342.png","contentUrl":"https:\/\/tufiestamolamazo.com\/blog\/wp-content\/uploads\/2019\/04\/tu-fiesta-mola-mazo-logo-1477646342.png","width":300,"height":117,"caption":"Tu Fiesta Mola Mazo"},"image":{"@id":"https:\/\/tufiestamolamazo.com\/blog\/#\/schema\/logo\/image\/"}},{"@type":"Person","@id":"https:\/\/tufiestamolamazo.com\/blog\/#\/schema\/person\/c33cb8ff08eef766a9cdf8c794ac323c","name":"tufiestamolamazo","image":{"@type":"ImageObject","inLanguage":"es","@id":"https:\/\/tufiestamolamazo.com\/blog\/#\/schema\/person\/image\/","url":"https:\/\/secure.gravatar.com\/avatar\/ff0ac7aa77d11c42e79a03372c9074b8?s=96&d=mm&r=g","contentUrl":"https:\/\/secure.gravatar.com\/avatar\/ff0ac7aa77d11c42e79a03372c9074b8?s=96&d=mm&r=g","caption":"tufiestamolamazo"}}]}},"_links":{"self":[{"href":"https:\/\/tufiestamolamazo.com\/blog\/wp-json\/wp\/v2\/posts\/1584"}],"collection":[{"href":"https:\/\/tufiestamolamazo.com\/blog\/wp-json\/wp\/v2\/posts"}],"about":[{"href":"https:\/\/tufiestamolamazo.com\/blog\/wp-json\/wp\/v2\/types\/post"}],"author":[{"embeddable":true,"href":"https:\/\/tufiestamolamazo.com\/blog\/wp-json\/wp\/v2\/users\/1"}],"replies":[{"embeddable":true,"href":"https:\/\/tufiestamolamazo.com\/blog\/wp-json\/wp\/v2\/comments?post=1584"}],"version-history":[{"count":12,"href":"https:\/\/tufiestamolamazo.com\/blog\/wp-json\/wp\/v2\/posts\/1584\/revisions"}],"predecessor-version":[{"id":2043,"href":"https:\/\/tufiestamolamazo.com\/blog\/wp-json\/wp\/v2\/posts\/1584\/revisions\/2043"}],"wp:featuredmedia":[{"embeddable":true,"href":"https:\/\/tufiestamolamazo.com\/blog\/wp-json\/wp\/v2\/media\/1586"}],"wp:attachment":[{"href":"https:\/\/tufiestamolamazo.com\/blog\/wp-json\/wp\/v2\/media?parent=1584"}],"wp:term":[{"taxonomy":"category","embeddable":true,"href":"https:\/\/tufiestamolamazo.com\/blog\/wp-json\/wp\/v2\/categories?post=1584"},{"taxonomy":"post_tag","embeddable":true,"href":"https:\/\/tufiestamolamazo.com\/blog\/wp-json\/wp\/v2\/tags?post=1584"}],"curies":[{"name":"wp","href":"https:\/\/api.w.org\/{rel}","templated":true}]}}